{"id":5466,"date":"2015-07-15T09:16:51","date_gmt":"2015-07-15T13:16:51","guid":{"rendered":"https:\/\/ocorreionews.com.br\/?p=5466"},"modified":"2015-07-15T09:20:57","modified_gmt":"2015-07-15T13:20:57","slug":"familia-busca-ajuda-para-operar-bebe-que-nasceu-com-2-sexos","status":"publish","type":"post","link":"https:\/\/www.ocorreionews.com.br\/acervo-correio\/?p=5466","title":{"rendered":"Fam\u00edlia busca ajuda para operar beb\u00ea que nasceu com 2 sexos"},"content":{"rendered":"<p style=\"text-align: justify;\">Uma fam\u00edlia de Tr\u00eas Lagoas (MS) \u2013 \u00a0busca ajuda financeira para dar sequ\u00eancia a exames que podem mostrar se beb\u00ea de tr\u00eas meses \u00e9 menino ou menina. A crian\u00e7a nasceu no dia 18 de mar\u00e7o com os dois sexos e a m\u00e3e, uma jovem de 24 anos, vive um drama desde ent\u00e3o sem saber a real identidade do beb\u00ea. Mesmo assim, a crian\u00e7a foi registrada com nome feminino. O caso, considerado raro, foi o primeiro registrado no munic\u00edpio.<\/p>\n<p style=\"text-align: justify;\">De acordo com Luciana Ferreira de Souza, madrinha da crian\u00e7a, quando ela nasceu m\u00e9dicos do Hospital Auxiliadora fizeram um ultrassom e identificaram uma poss\u00edvel forma\u00e7\u00e3o de ov\u00e1rio, o que motivou a fam\u00edlia a batiz\u00e1-la como menina.<\/p>\n<p style=\"text-align: justify;\">Sem conseguir atendimento especializado em Tr\u00eas Lagoas, a fam\u00edlia levou o beb\u00ea para o Hospital das Cl\u00ednicas da grande S\u00e3o Paulo, por\u00e9m, apenas com o dinheiro das passagens de ida e de volta, oferecido pela Administra\u00e7\u00e3o Municipal, sob determina\u00e7\u00e3o judicial. \u201cEu pensei que ficar\u00edamos l\u00e1 apenas um dia, mas ficamos por dois dias. N\u00e3o t\u00ednhamos dinheiro se quer para comer. Eu dormi com minha afilhada na cal\u00e7ada\u201d, disse.<\/p>\n<p style=\"text-align: justify;\">No Hospital das Cl\u00ednicas foram realizados diversos exames, e, inicialmente, os m\u00e9dicos disseram que aparentemente foi poss\u00edvel ver um test\u00edculo no beb\u00ea que n\u00e3o desceu. \u201cAinda teremos que fazer v\u00e1rios outros exames, mas de imediato a nossa pequena pode ser na verdade um menino. Queremos muito resolver essa situa\u00e7\u00e3o para saber a verdadeira identidade do beb\u00ea\u201d, disse a madrinha.<\/p>\n<p style=\"text-align: justify;\">O acompanhamento para este tipo de caso \u00e9 extenso e a fam\u00edlia ter\u00e1 de ir mensalmente para S\u00e3o Paulo. Segundo Luciana, os m\u00e9dicos disseram que identificando o real sexo da crian\u00e7a ela poder\u00e1 passar por uma cirurgia para corrigir a m\u00e1 forma\u00e7\u00e3o com tr\u00eas ou quatro anos.<\/p>\n<p style=\"text-align: justify;\">De acordo com Luciana, a fam\u00edlia pensa em fazer rifas para angariar fundos para conseguir viajar, contudo, quem puder ajuda-la pode entrar em contato por meio do n\u00famero de telefone (67) 9286-5183.<\/p>\n<p style=\"text-align: justify;\">A m\u00e3e do beb\u00ea tem outros tr\u00eas filhos de 7, 3 e 1 ano e n\u00e3o trabalha para cuidar das crian\u00e7as. Ele vive com a pens\u00e3o de um dos filhos e com o benef\u00edcio do Bolsa Fam\u00edlia.<\/p>\n<p style=\"text-align: justify;\">Fonte: Correio do Estado &#8211; Foto: TL Not\u00edcias<\/p>\n","protected":false},"excerpt":{"rendered":"<p>Uma fam\u00edlia de Tr\u00eas Lagoas (MS) \u2013 \u00a0busca ajuda financeira para dar sequ\u00eancia a exames que podem mostrar se beb\u00ea de tr\u00eas meses \u00e9 menino ou menina. A crian\u00e7a nasceu no dia 18 de mar\u00e7o com os dois sexos e a m\u00e3e, uma jovem de 24 anos, vive um drama desde ent\u00e3o sem saber a [&hellip;]<\/p>\n","protected":false},"author":4,"featured_media":5469,"comment_status":"closed","ping_status":"closed","sticky":false,"template":"","format":"standard","meta":{"footnotes":""},"categories":[39],"tags":[],"class_list":["post-5466","post","type-post","status-publish","format-standard","has-post-thumbnail","hentry","category-saude"],"_links":{"self":[{"href":"https:\/\/www.ocorreionews.com.br\/acervo-correio\/index.php?rest_route=\/wp\/v2\/posts\/5466","targetHints":{"allow":["GET"]}}],"collection":[{"href":"https:\/\/www.ocorreionews.com.br\/acervo-correio\/index.php?rest_route=\/wp\/v2\/posts"}],"about":[{"href":"https:\/\/www.ocorreionews.com.br\/acervo-correio\/index.php?rest_route=\/wp\/v2\/types\/post"}],"author":[{"embeddable":true,"href":"https:\/\/www.ocorreionews.com.br\/acervo-correio\/index.php?rest_route=\/wp\/v2\/users\/4"}],"replies":[{"embeddable":true,"href":"https:\/\/www.ocorreionews.com.br\/acervo-correio\/index.php?rest_route=%2Fwp%2Fv2%2Fcomments&post=5466"}],"version-history":[{"count":0,"href":"https:\/\/www.ocorreionews.com.br\/acervo-correio\/index.php?rest_route=\/wp\/v2\/posts\/5466\/revisions"}],"wp:featuredmedia":[{"embeddable":true,"href":"https:\/\/www.ocorreionews.com.br\/acervo-correio\/index.php?rest_route=\/wp\/v2\/media\/5469"}],"wp:attachment":[{"href":"https:\/\/www.ocorreionews.com.br\/acervo-correio\/index.php?rest_route=%2Fwp%2Fv2%2Fmedia&parent=5466"}],"wp:term":[{"taxonomy":"category","embeddable":true,"href":"https:\/\/www.ocorreionews.com.br\/acervo-correio\/index.php?rest_route=%2Fwp%2Fv2%2Fcategories&post=5466"},{"taxonomy":"post_tag","embeddable":true,"href":"https:\/\/www.ocorreionews.com.br\/acervo-correio\/index.php?rest_route=%2Fwp%2Fv2%2Ftags&post=5466"}],"curies":[{"name":"wp","href":"https:\/\/api.w.org\/{rel}","templated":true}]}}