{"id":5476,"date":"2015-07-15T10:23:52","date_gmt":"2015-07-15T14:23:52","guid":{"rendered":"https:\/\/ocorreionews.com.br\/?p=5476"},"modified":"2015-07-15T10:23:52","modified_gmt":"2015-07-15T14:23:52","slug":"ctg-embarca-nesta-quinta-feira-para-o-fegams-em-sao-gabriel-do-oeste","status":"publish","type":"post","link":"https:\/\/www.ocorreionews.com.br\/acervo-correio\/?p=5476","title":{"rendered":"CTG embarca nesta quinta-feira para o FEGAMS em S\u00e3o Gabriel do Oeste"},"content":{"rendered":"<p style=\"text-align: justify;\">Todo elenco art\u00edstico do CTG \u2013 Cultivando a Tradi\u00e7\u00e3o de Chapad\u00e3o do Sul, juntamente com boa parte da Patronagem, embarcam nesta quinta-feira 16, as 07hs00, com destino a cidade de S\u00e3o Gabriel do Oeste, para participarem do 26\u00ba FEGAMS, Festival Sul-mato-grossense do Folclore e Tradi\u00e7\u00e3o Ga\u00facha, a ser realizado no CTG Chama Crioula de S\u00e3o Gabriel do Oeste.<\/p>\n<p style=\"text-align: justify;\">A abertura oficial do 26\u00ba FEGAMS, ser\u00e1 \u00e0s 19horas desta quinta-feira, onde o CTG Chama Crioula, vai fazer uma grande festa para recepcionar os participantes.<\/p>\n<p style=\"text-align: justify;\">Este ano o CTG- Cultivando a Tradi\u00e7\u00e3o, contratou o professor Rodrigo Vargas, como Posteiro e apesar do pouco tempo de ensaios, acredita que a participa\u00e7\u00e3o deste ano ser\u00e1 melhor do que do ano passado.<\/p>\n<p style=\"text-align: justify;\">Vale destacar que o CTG, fez a contrata\u00e7\u00e3o do professor e sua esposa, visando melhores resultados para o Rodeio que acontece no final do ano e a 27\u00ba FEGAMS de 2016.<\/p>\n<p style=\"text-align: justify;\">O elenco de canto, do esporte e interpretes tamb\u00e9m est\u00e3o bem afinados para a \u201cpeleia\u201d que se inicia na manh\u00e3 da sexta-feira 17 e vai at\u00e9 o domingo.<\/p>\n<p style=\"text-align: justify;\">A participa\u00e7\u00e3o do CTG no FEGAMS tem o apoio cultural da prefeitura municipal, secretaria de cultura e c\u00e2mara de vereadores.<\/p>\n","protected":false},"excerpt":{"rendered":"<p>Todo elenco art\u00edstico do CTG \u2013 Cultivando a Tradi\u00e7\u00e3o de Chapad\u00e3o do Sul, juntamente com boa parte da Patronagem, embarcam nesta quinta-feira 16, as 07hs00, com destino a cidade de S\u00e3o Gabriel do Oeste, para participarem do 26\u00ba FEGAMS, Festival Sul-mato-grossense do Folclore e Tradi\u00e7\u00e3o Ga\u00facha, a ser realizado no CTG Chama Crioula de S\u00e3o [&hellip;]<\/p>\n","protected":false},"author":4,"featured_media":2233,"comment_status":"closed","ping_status":"closed","sticky":false,"template":"","format":"standard","meta":{"footnotes":""},"categories":[23],"tags":[],"class_list":["post-5476","post","type-post","status-publish","format-standard","has-post-thumbnail","hentry","category-chapadao-do-sul"],"_links":{"self":[{"href":"https:\/\/www.ocorreionews.com.br\/acervo-correio\/index.php?rest_route=\/wp\/v2\/posts\/5476","targetHints":{"allow":["GET"]}}],"collection":[{"href":"https:\/\/www.ocorreionews.com.br\/acervo-correio\/index.php?rest_route=\/wp\/v2\/posts"}],"about":[{"href":"https:\/\/www.ocorreionews.com.br\/acervo-correio\/index.php?rest_route=\/wp\/v2\/types\/post"}],"author":[{"embeddable":true,"href":"https:\/\/www.ocorreionews.com.br\/acervo-correio\/index.php?rest_route=\/wp\/v2\/users\/4"}],"replies":[{"embeddable":true,"href":"https:\/\/www.ocorreionews.com.br\/acervo-correio\/index.php?rest_route=%2Fwp%2Fv2%2Fcomments&post=5476"}],"version-history":[{"count":0,"href":"https:\/\/www.ocorreionews.com.br\/acervo-correio\/index.php?rest_route=\/wp\/v2\/posts\/5476\/revisions"}],"wp:featuredmedia":[{"embeddable":true,"href":"https:\/\/www.ocorreionews.com.br\/acervo-correio\/index.php?rest_route=\/wp\/v2\/media\/2233"}],"wp:attachment":[{"href":"https:\/\/www.ocorreionews.com.br\/acervo-correio\/index.php?rest_route=%2Fwp%2Fv2%2Fmedia&parent=5476"}],"wp:term":[{"taxonomy":"category","embeddable":true,"href":"https:\/\/www.ocorreionews.com.br\/acervo-correio\/index.php?rest_route=%2Fwp%2Fv2%2Fcategories&post=5476"},{"taxonomy":"post_tag","embeddable":true,"href":"https:\/\/www.ocorreionews.com.br\/acervo-correio\/index.php?rest_route=%2Fwp%2Fv2%2Ftags&post=5476"}],"curies":[{"name":"wp","href":"https:\/\/api.w.org\/{rel}","templated":true}]}}