{"id":5481,"date":"2015-07-15T13:07:03","date_gmt":"2015-07-15T17:07:03","guid":{"rendered":"https:\/\/ocorreionews.com.br\/?p=5481"},"modified":"2015-07-15T13:07:03","modified_gmt":"2015-07-15T17:07:03","slug":"em-reuniao-com-ministro-produtora-rural-de-ms-se-desespera-e-pede-socorro","status":"publish","type":"post","link":"https:\/\/www.ocorreionews.com.br\/acervo-correio\/?p=5481","title":{"rendered":"Em reuni\u00e3o com ministro, produtora rural de MS se desespera e pede socorro"},"content":{"rendered":"<div class=\"textNoticia\">\n<p style=\"text-align: justify;\">Em mais uma das v\u00e1rias reuni\u00f5es realizadas entre produtores rurais, pol\u00edticos da bancada federal e o Ministro da Justi\u00e7a, Jos\u00e9 Eduardo Cardozo, com objetivo de solucionar o conflito fundi\u00e1rio do Estado, uma produtora rural levantou a voz e fez um pedido de socorro emocionado ao ministro. A reuni\u00e3o ocorreu ontem (14), em Bras\u00edlia e mais uma vez terminou sem nenhuma solu\u00e7\u00e3o concreta para o problema.<\/p>\n<p style=\"text-align: justify;\">Em cerca de 2 minutos de desabafo, a produtora de Mato Grosso do Sul pede ajuda ao Ministro e se emociona ao relatar os problemas que passa na propriedade.<\/p>\n<p style=\"text-align: justify;\">\u201cQuero que voc\u00eas tomem provid\u00eancia, a situa\u00e7\u00e3o est\u00e1 feia. Sou uma m\u00e3e de fam\u00edlia, trabalhei a vida inteira. Eles [\u00edndios] t\u00eam direitos, mas n\u00f3s tamb\u00e9m, aquela \u00e9 uma \u00e1rea que n\u00e3o \u00e9 ind\u00edgena\u201d, diz a mulher, aos prontos.<\/p>\n<p style=\"text-align: justify;\">Em sequ\u00eancia no desabafo, a produtora se desespera ao contar a todos qual \u00e9 a situa\u00e7\u00e3o que vive hoje em sua propriedade.<\/p>\n<p style=\"text-align: justify;\">\u201c\u00c9 um pedido de uma m\u00e3e que est\u00e1 suplicando, eu pe\u00e7o do fundo do meu cora\u00e7\u00e3o e de uma alma que clama. N\u00e3o aguento mais, vemos \u00edndios andando de caminhonete e sendo escoltados, n\u00f3s estamos correndo risco. Eu fiquei sem nada dentro de casa, levaram tudo, levaram as lembran\u00e7as dos meus filhos. N\u00e3o tenho casa, n\u00e3o tenho terra, n\u00e3o tenho nada\u201d, desabafa a produtora.<\/p>\n<p style=\"text-align: justify;\"><strong><a href=\"https:\/\/www.youtube.com\/watch?v=HQlP0QzQS_0\">Confira\u00a0 o v\u00eddeo na \u00edntegra gravado pelo jornalista Ant\u00f4nio Carlos Teixeira:<\/a><\/strong><\/p>\n<p style=\"text-align: justify;\">\n<p style=\"text-align: justify;\"><strong>CONFLITO<\/strong><\/p>\n<p style=\"text-align: justify;\">No in\u00edcio do m\u00eas, reuni\u00f5es sobre o mesmo tema foram realizadas na Associa\u00e7\u00e3o dos Munic\u00edpios do Mato Grosso do Sul (Assomasul) e na Assembleia Legislativa. Houve baixa participa\u00e7\u00e3o de ind\u00edgenas em ambos os casos e consenso de que somente a \u201cpress\u00e3o pol\u00edtica\u201d ao governo federal pode solucionar a demanda por demarca\u00e7\u00f5es e indeniza\u00e7\u00f5es.<\/p>\n<p style=\"text-align: justify;\">Em junho, o ministro Jos\u00e9 Eduardo Cardozo negou que as demarca\u00e7\u00f5es tenham sido paralisadas. \u201cEstamos tentando mediar os conflitos. O radicalismo de um lado ou de outro motiva o acirramento dos conflitos. E ent\u00e3o, s\u00f3 com media\u00e7\u00e3o, verificando a possibilidade de contemplar o direito de todos os envolvidos\u201d, justificou \u00e0 Ag\u00eancia Brasil.<\/p>\n<p style=\"text-align: justify;\">Senadores sul-mato-grossenses, Waldemir Moka e Simone Tebet (PMDB) integram parte da bancada federal que defende a aprova\u00e7\u00e3o de Proposta de Emenda \u00e0 Constitui\u00e7\u00e3o (PEC) 71. Esta permite a indeniza\u00e7\u00e3o de possuidores de t\u00edtulos relativos a terras declaradas como ind\u00edgenas expedidos at\u00e9 o dia 5 de outubro de 1988. Vota\u00e7\u00e3o da proposta estaria prevista para esta semana.<\/p>\n<p style=\"text-align: justify;\">Por outro lado, na C\u00e2mara dos Deputados a luta \u00e9 pela aprova\u00e7\u00e3o da PEC\u00a0215, que transfere ao Congresso o poder das demarca\u00e7\u00f5es e n\u00e3o a Funda\u00e7\u00e3o Nacional do \u00cdndio (Funai).<\/p>\n<p style=\"text-align: justify;\"><big>ALINY MARY DIAS<\/big> correio do estado<\/p>\n<\/div>\n<div class=\"clear\" style=\"text-align: justify;\"><\/div>\n<div class=\"spacer20\" style=\"text-align: justify;\"><\/div>\n","protected":false},"excerpt":{"rendered":"<p>Em mais uma das v\u00e1rias reuni\u00f5es realizadas entre produtores rurais, pol\u00edticos da bancada federal e o Ministro da Justi\u00e7a, Jos\u00e9 Eduardo Cardozo, com objetivo de solucionar o conflito fundi\u00e1rio do Estado, uma produtora rural levantou a voz e fez um pedido de socorro emocionado ao ministro. A reuni\u00e3o ocorreu ontem (14), em Bras\u00edlia e mais [&hellip;]<\/p>\n","protected":false},"author":4,"featured_media":5482,"comment_status":"closed","ping_status":"closed","sticky":false,"template":"","format":"standard","meta":{"footnotes":""},"categories":[17],"tags":[],"class_list":["post-5481","post","type-post","status-publish","format-standard","has-post-thumbnail","hentry","category-agropecuaria"],"_links":{"self":[{"href":"https:\/\/www.ocorreionews.com.br\/acervo-correio\/index.php?rest_route=\/wp\/v2\/posts\/5481","targetHints":{"allow":["GET"]}}],"collection":[{"href":"https:\/\/www.ocorreionews.com.br\/acervo-correio\/index.php?rest_route=\/wp\/v2\/posts"}],"about":[{"href":"https:\/\/www.ocorreionews.com.br\/acervo-correio\/index.php?rest_route=\/wp\/v2\/types\/post"}],"author":[{"embeddable":true,"href":"https:\/\/www.ocorreionews.com.br\/acervo-correio\/index.php?rest_route=\/wp\/v2\/users\/4"}],"replies":[{"embeddable":true,"href":"https:\/\/www.ocorreionews.com.br\/acervo-correio\/index.php?rest_route=%2Fwp%2Fv2%2Fcomments&post=5481"}],"version-history":[{"count":0,"href":"https:\/\/www.ocorreionews.com.br\/acervo-correio\/index.php?rest_route=\/wp\/v2\/posts\/5481\/revisions"}],"wp:featuredmedia":[{"embeddable":true,"href":"https:\/\/www.ocorreionews.com.br\/acervo-correio\/index.php?rest_route=\/wp\/v2\/media\/5482"}],"wp:attachment":[{"href":"https:\/\/www.ocorreionews.com.br\/acervo-correio\/index.php?rest_route=%2Fwp%2Fv2%2Fmedia&parent=5481"}],"wp:term":[{"taxonomy":"category","embeddable":true,"href":"https:\/\/www.ocorreionews.com.br\/acervo-correio\/index.php?rest_route=%2Fwp%2Fv2%2Fcategories&post=5481"},{"taxonomy":"post_tag","embeddable":true,"href":"https:\/\/www.ocorreionews.com.br\/acervo-correio\/index.php?rest_route=%2Fwp%2Fv2%2Ftags&post=5481"}],"curies":[{"name":"wp","href":"https:\/\/api.w.org\/{rel}","templated":true}]}}