{"id":5484,"date":"2015-07-15T13:15:48","date_gmt":"2015-07-15T17:15:48","guid":{"rendered":"https:\/\/ocorreionews.com.br\/?p=5484"},"modified":"2015-07-15T13:15:48","modified_gmt":"2015-07-15T17:15:48","slug":"algodao-costa-rica-e-alcinopolis-90-dos-cotonicultores-ja-iniciaram-colheitas","status":"publish","type":"post","link":"https:\/\/www.ocorreionews.com.br\/acervo-correio\/?p=5484","title":{"rendered":"Algod\u00e3o: Costa Rica e Alcin\u00f3polis 90% dos cotonicultores j\u00e1 iniciaram colheitas"},"content":{"rendered":"<p style=\"text-align: justify;\">Na regi\u00e3o de Costa Rica e Alcin\u00f3polis, noventa por cento das propriedades j\u00e1 iniciaram a colheita do algod\u00e3o safra. O ritmo da colheita segue lento, principalmente neste per\u00edodo, onde houve ocorr\u00eancia de precipita\u00e7\u00f5es interrompendo o processo de colheita e queda significativa na temperatura e em todo N\u00facleo, devido as condi\u00e7\u00f5es clim\u00e1ticas adversas, os cotonicultores da regi\u00e3o suspenderam as aplica\u00e7\u00f5es de maturadores e desfolhantes. Entretanto a maioria dos produtores j\u00e1 come\u00e7aram a realizar o processo de desfolha do algod\u00e3o. Essas precipita\u00e7\u00f5es s\u00e3o at\u00edpicas nesta \u00e9poca do ano na regi\u00e3o, situa\u00e7\u00e3o que gera um desconforto aos cotonicultores, pois al\u00e9m de prolongar o ciclo da cultura na lavoura, interfere no aspecto visual da pluma do algodoeiro.<\/p>\n<p style=\"text-align: justify;\">Em rela\u00e7\u00e3o ao controle e manejo do bicudo do algodoeiro, todos os cotonicultores da regi\u00e3o est\u00e3o empenhados em reduzir a popula\u00e7\u00e3o de bicudo de final de safra. Em algumas \u00e1reas mais novas semeadas com algod\u00e3o safra ainda est\u00e1 sendo realizado o combate localizado do inseto, a\u00e7\u00f5es como adicionar inseticida para controle do bicudo no momento da desfolha e no momento da destrui\u00e7\u00e3o da soqueira e colheita r\u00e1pida e bem feita, s\u00e3o pontos crucias para a redu\u00e7\u00e3o do inseto.<\/p>\n<p style=\"text-align: justify;\">O algod\u00e3o safrinha apresenta bom desenvolvimento e bom potencial produtivo at\u00e9 o momento, o controle de insetos como bicudo, mosca branca e pulg\u00e3o segue rigorosamente na regi\u00e3o. Em rela\u00e7\u00e3o a doen\u00e7as a macha de ramul\u00e1ria \u00e9 a principal doen\u00e7a da cultura, exigindo maior demanda de interven\u00e7\u00f5es qu\u00edmicas, por\u00e9m tem-se observado um aumento significativo no n\u00famero de plantas com sintomas de mofo branco (<em>Sclerotinia Sclerotiorum<\/em>), principalmente nas \u00e1reas semeadas com algod\u00e3o de segunda safra com o espa\u00e7amento reduzido. Outra doen\u00e7a que vem aumentando \u00e9 o <em>Botrytis cinerea<\/em>, essa doen\u00e7a \u00e9 causada por um fungo e seu sintoma t\u00edpico \u00e9 o aparecimento de um mofo com aspecto acinzentado, no algodoeiro os sintomas s\u00e3o mais n\u00edtidos nas estruturas reprodutivas da planta.<\/p>\n<p style=\"text-align: justify;\">Procedimentos para uma Colheita com Qualidade e Seguran\u00e7a<br \/>\n? N\u00e3o adiantar muito a desfolha para evitar o rebrote que poder\u00e1 manchar a pluma.<br \/>\n? Ap\u00f3s a abertura do algod\u00e3o colher o mais r\u00e1pido poss\u00edvel.<br \/>\n? Aten\u00e7\u00e3o ao hor\u00e1rio de colheita! N\u00e3o colher com umidade, pois compromete a qualidade da fibra.<br \/>\n? Efetuar as regulagens e limpeza das colhedeiras (limpeza de fusos, dutos, escovinhas e cestos a cada fardo colhido).<br \/>\n? Evitar amarrar as lonas dos fardos com corda sisal, pois poder\u00e1 contaminar amostras.<br \/>\n? Fazer limpeza das prensas, evitando a presen\u00e7a de \u00f3leo, peda\u00e7os de mangueira e outros objetos estranhos.<br \/>\n? N\u00e3o colocar o fundo dos fardos sujos misturados com algod\u00e3o que est\u00e1 sendo colhido.<br \/>\n? Colher, enfardar e identificar separadamente para o beneficiamento, o algod\u00e3o colhido em bordaduras, bem como as faixas que apresentem contamina\u00e7\u00e3o de plantas invasoras.<br \/>\n? Evitar molhamento dos fardos na lavoura, mantendo lonas em perfeitas condi\u00e7\u00f5es de uso.<br \/>\n? Impedir a contamina\u00e7\u00e3o com restos de comida, pl\u00e1sticos, marmitex e outros objetos estranhos no meio dos fardos.<br \/>\n? Evitar usar sempre mesmo caminho com Bass Boy.<br \/>\n? Providenciar o equipamento de bombeiro.<br \/>\n? N\u00c3O fumar pr\u00f3ximo ao local de colheita.<br \/>\n? Ficar atento a focos de inc\u00eandio.<br \/>\n? Em caso de inc\u00eandio vascular rapidamente o algod\u00e3o no ch\u00e3o.<br \/>\n? Adotar boas pr\u00e1ticas de transporte da lavoura at\u00e9 o beneficiamento, evitando queda de algod\u00e3o na beira das estradas e rodovias.<\/p>\n<p style=\"text-align: justify;\">\n<p style=\"text-align: justify;\">AMPASUL<\/p>\n","protected":false},"excerpt":{"rendered":"<p>Na regi\u00e3o de Costa Rica e Alcin\u00f3polis, noventa por cento das propriedades j\u00e1 iniciaram a colheita do algod\u00e3o safra. O ritmo da colheita segue lento, principalmente neste per\u00edodo, onde houve ocorr\u00eancia de precipita\u00e7\u00f5es interrompendo o processo de colheita e queda significativa na temperatura e em todo N\u00facleo, devido as condi\u00e7\u00f5es clim\u00e1ticas adversas, os cotonicultores da [&hellip;]<\/p>\n","protected":false},"author":4,"featured_media":5485,"comment_status":"closed","ping_status":"closed","sticky":false,"template":"","format":"standard","meta":{"footnotes":""},"categories":[17,18,25],"tags":[],"class_list":["post-5484","post","type-post","status-publish","format-standard","has-post-thumbnail","hentry","category-agropecuaria","category-alcinopolis","category-costa-rica"],"_links":{"self":[{"href":"https:\/\/www.ocorreionews.com.br\/acervo-correio\/index.php?rest_route=\/wp\/v2\/posts\/5484","targetHints":{"allow":["GET"]}}],"collection":[{"href":"https:\/\/www.ocorreionews.com.br\/acervo-correio\/index.php?rest_route=\/wp\/v2\/posts"}],"about":[{"href":"https:\/\/www.ocorreionews.com.br\/acervo-correio\/index.php?rest_route=\/wp\/v2\/types\/post"}],"author":[{"embeddable":true,"href":"https:\/\/www.ocorreionews.com.br\/acervo-correio\/index.php?rest_route=\/wp\/v2\/users\/4"}],"replies":[{"embeddable":true,"href":"https:\/\/www.ocorreionews.com.br\/acervo-correio\/index.php?rest_route=%2Fwp%2Fv2%2Fcomments&post=5484"}],"version-history":[{"count":0,"href":"https:\/\/www.ocorreionews.com.br\/acervo-correio\/index.php?rest_route=\/wp\/v2\/posts\/5484\/revisions"}],"wp:featuredmedia":[{"embeddable":true,"href":"https:\/\/www.ocorreionews.com.br\/acervo-correio\/index.php?rest_route=\/wp\/v2\/media\/5485"}],"wp:attachment":[{"href":"https:\/\/www.ocorreionews.com.br\/acervo-correio\/index.php?rest_route=%2Fwp%2Fv2%2Fmedia&parent=5484"}],"wp:term":[{"taxonomy":"category","embeddable":true,"href":"https:\/\/www.ocorreionews.com.br\/acervo-correio\/index.php?rest_route=%2Fwp%2Fv2%2Fcategories&post=5484"},{"taxonomy":"post_tag","embeddable":true,"href":"https:\/\/www.ocorreionews.com.br\/acervo-correio\/index.php?rest_route=%2Fwp%2Fv2%2Ftags&post=5484"}],"curies":[{"name":"wp","href":"https:\/\/api.w.org\/{rel}","templated":true}]}}