{"id":5493,"date":"2015-07-15T14:18:31","date_gmt":"2015-07-15T18:18:31","guid":{"rendered":"https:\/\/ocorreionews.com.br\/?p=5493"},"modified":"2015-07-15T14:18:31","modified_gmt":"2015-07-15T18:18:31","slug":"pmdb-quer-ter-candidato-a-presidencia-em-2018","status":"publish","type":"post","link":"https:\/\/www.ocorreionews.com.br\/acervo-correio\/?p=5493","title":{"rendered":"PMDB quer ter candidato \u00e0 Presid\u00eancia em 2018"},"content":{"rendered":"<p style=\"text-align: justify;\">O vice-presidente da <span class=\"premium-tip\">Rep\u00fablica<\/span> e presidente nacional do PMDB, Michel Temer, afirmou nesta quarta-feira (15) que seu partido quer ter candidato \u00e0 Presid\u00eancia na elei\u00e7\u00e3o de 2018. Articulador pol\u00edtico do Pal\u00e1cio do Planalto, Temer deu a declara\u00e7\u00e3o, em um evento da sigla, ap\u00f3s ser questionado por um jornalista sobre se a alian\u00e7a com o PT terminar\u00e1 em 2018.<\/p>\n<p style=\"text-align: justify;\">Outros caciques do PMDB, como o ex-presidente Jos\u00e9 Sarney, e os presidentes do Senado, Renan Calheiros (AL), e da C\u00e2mara, Eduardo Cunha(RJ), estavam ao lado do vice-presidente no momento em que ele manifestou o interesse de o PMDB encabe\u00e7ar uma chapa presidencial para a sucess\u00e3o de Dilma Rousseff.<\/p>\n<p style=\"text-align: justify;\">&#8220;N\u00f3s estamos abertos para novas alian\u00e7as, com todos os partidos. Apenas o que est\u00e1 sendo estabelecido \u00e9 que o PMDB quer ser, digamos assim, cabe\u00e7a de chapa em 2018&#8221;, ressaltou Temer.<\/p>\n<p style=\"text-align: justify;\">Logo depois, o vice-presidente foi indagado por rep\u00f3rteres sobre se o &#8220;caminho&#8221; era o PMDB ter candidato pr\u00f3prio na pr\u00f3xima elei\u00e7\u00e3o presidencial. &#8220;Seguramente, \u00e9 uma postula\u00e7\u00e3o de todo o PMDB&#8221;, enfatizou.<\/p>\n<div class=\"saibamais componente_materia\" style=\"text-align: justify;\">O PMDB \u00e9 o principal s\u00f3cio do PT no governo federal. A alian\u00e7a entre os dois partidos come\u00e7ou ainda na gest\u00e3o do ex-presidente Luiz In\u00e1cio Lula da Silva. No entanto, nos \u00faltimos meses, alguns parlamentares e l\u00edderes peemedebistas t\u00eam manifestado publicamente insatisfa\u00e7\u00e3o com a gest\u00e3o Dilma.<\/div>\n<p style=\"text-align: justify;\">Ao final do evento do PMDB, o presidente do Senado refor\u00e7ou o discurso de Temer, dizendo que sua sigla ter\u00e1 um &#8220;projeto de poder&#8221; em 2018 e que lan\u00e7ar\u00e1 um &#8220;candidato competitivo&#8221; para disputar a Presid\u00eancia da Rep\u00fablica.<\/p>\n<p style=\"text-align: justify;\">&#8220;O PMDB tem uma alian\u00e7a com o PT, uma alian\u00e7a estrat\u00e9gica, circunstancial, porque ela deveria acontecer em torno de um programa, apenas de um programa, mas o PMDB, desde logo, est\u00e1 deixando claro, absolutamente claro, que vai ter um projeto de poder que vai ter um candidato competitivo a presidente da Rep\u00fablica&#8221;, destacou Renan Calheiros.<\/p>\n<p style=\"text-align: justify;\"><strong>Eduardo Cunha<\/strong><br \/>\nAntes de falar com jornalistas, Temer discursou no lan\u00e7amento da plataforma digital. Ele afirmou que o partido &#8220;teve e tem&#8221; grandes lideran\u00e7as e que o desejo da legenda \u00e9 &#8220;marcar cada vez mais presen\u00e7a na vida p\u00fablica&#8221; do pa\u00eds.<\/p>\n<p style=\"text-align: justify;\">Eduardo Cunha tamb\u00e9m discursou no evento desta quarta do PMDB. Na ocasi\u00e3o, ele defendeu, por mais de uma vez, que a tend\u00eancia \u00e9 o partido lan\u00e7ar candidato pr\u00f3prio na corrida presidencial. O presidente da C\u00e2mara j\u00e1 afirmou em diversas ocasi\u00f5es que \u00e9 preciso repensar a alian\u00e7a com o PT.<\/p>\n<p style=\"text-align: justify;\">&#8220;Em 2018, temos o direito de disputar com o eleitor as nossas ideias [&#8230;] Time que n\u00e3o joga n\u00e3o tem torcida. O PMDB tem que se posicionar no espa\u00e7o pol\u00edtico, tem que recuperar seu protagonismo&#8221;, disse Cunha.<\/p>\n<p style=\"text-align: justify;\">&#8220;N\u00f3s estamos nesse momento, um momento pol\u00edtico delicado, o PMDB faz parte de uma alian\u00e7a, mas o PMDB sabe que, em 2018, quer buscar o seu caminho, que n\u00e3o \u00e9 com essa alian\u00e7a&#8221;, complementou o deputado.<\/p>\n<p style=\"text-align: justify;\">\n<p style=\"text-align: justify;\">Fonte: G1 Brasilia<\/p>\n","protected":false},"excerpt":{"rendered":"<p>O vice-presidente da Rep\u00fablica e presidente nacional do PMDB, Michel Temer, afirmou nesta quarta-feira (15) que seu partido quer ter candidato \u00e0 Presid\u00eancia na elei\u00e7\u00e3o de 2018. Articulador pol\u00edtico do Pal\u00e1cio do Planalto, Temer deu a declara\u00e7\u00e3o, em um evento da sigla, ap\u00f3s ser questionado por um jornalista sobre se a alian\u00e7a com o PT [&hellip;]<\/p>\n","protected":false},"author":4,"featured_media":5494,"comment_status":"closed","ping_status":"closed","sticky":false,"template":"","format":"standard","meta":{"footnotes":""},"categories":[37],"tags":[],"class_list":["post-5493","post","type-post","status-publish","format-standard","has-post-thumbnail","hentry","category-politica"],"_links":{"self":[{"href":"https:\/\/www.ocorreionews.com.br\/acervo-correio\/index.php?rest_route=\/wp\/v2\/posts\/5493","targetHints":{"allow":["GET"]}}],"collection":[{"href":"https:\/\/www.ocorreionews.com.br\/acervo-correio\/index.php?rest_route=\/wp\/v2\/posts"}],"about":[{"href":"https:\/\/www.ocorreionews.com.br\/acervo-correio\/index.php?rest_route=\/wp\/v2\/types\/post"}],"author":[{"embeddable":true,"href":"https:\/\/www.ocorreionews.com.br\/acervo-correio\/index.php?rest_route=\/wp\/v2\/users\/4"}],"replies":[{"embeddable":true,"href":"https:\/\/www.ocorreionews.com.br\/acervo-correio\/index.php?rest_route=%2Fwp%2Fv2%2Fcomments&post=5493"}],"version-history":[{"count":0,"href":"https:\/\/www.ocorreionews.com.br\/acervo-correio\/index.php?rest_route=\/wp\/v2\/posts\/5493\/revisions"}],"wp:featuredmedia":[{"embeddable":true,"href":"https:\/\/www.ocorreionews.com.br\/acervo-correio\/index.php?rest_route=\/wp\/v2\/media\/5494"}],"wp:attachment":[{"href":"https:\/\/www.ocorreionews.com.br\/acervo-correio\/index.php?rest_route=%2Fwp%2Fv2%2Fmedia&parent=5493"}],"wp:term":[{"taxonomy":"category","embeddable":true,"href":"https:\/\/www.ocorreionews.com.br\/acervo-correio\/index.php?rest_route=%2Fwp%2Fv2%2Fcategories&post=5493"},{"taxonomy":"post_tag","embeddable":true,"href":"https:\/\/www.ocorreionews.com.br\/acervo-correio\/index.php?rest_route=%2Fwp%2Fv2%2Ftags&post=5493"}],"curies":[{"name":"wp","href":"https:\/\/api.w.org\/{rel}","templated":true}]}}