{"id":5499,"date":"2015-07-15T15:17:03","date_gmt":"2015-07-15T19:17:03","guid":{"rendered":"https:\/\/ocorreionews.com.br\/?p=5499"},"modified":"2015-07-15T15:17:03","modified_gmt":"2015-07-15T19:17:03","slug":"novo-chefe-da-pf-em-ms-desarticulou-esquema-de-r-600-milhoes","status":"publish","type":"post","link":"https:\/\/www.ocorreionews.com.br\/acervo-correio\/?p=5499","title":{"rendered":"Novo chefe da PF em MS desarticulou esquema de R$ 600 milh\u00f5es"},"content":{"rendered":"<div class=\"bloco_texto_span\">\n<p style=\"text-align: justify;\">A frente da Opera\u00e7\u00e3o Lama Asf\u00e1ltica, deflagrada na semana passada em Campo Grande, que investiga esquema de corrup\u00e7\u00e3o envolvendo empreiteiras e funcion\u00e1rios p\u00fablicos, a Pol\u00edcia Federal ter\u00e1 um novo superintendente em Mato Grosso do Sul. O delegado Ricardo Cubas C\u00e9sar, vai assumir o cargo no lugar de Edgar Paulo Marcon, que estava no cargo desde julho de 2011.<\/p>\n<p style=\"text-align: justify;\">Cubas ingressou no Departamento de Policia Federal em 2003, quando tomou posse em Ponta Por\u00e3, onde ocupou o cargo de delegado chefe substituto. Em 2006 foi removido a Guarapuava, no Paran\u00e1, e, ap\u00f3s, em 2008, trabalhou na Delegacia Especializada em Repress\u00e3o a Crimes Financeiros, sendo o respons\u00e1vel pela &#8220;Opera\u00e7\u00e3o Parceria&#8221;, deflagrada em maio de 2010, quando, em conjunto com a Controladoria Geral da Uni\u00e3o, Minist\u00e9rio P\u00fablico Federal e Receita Federal, desarticulou esquema fraudulento de desvios de recursos federais que deveriam ser empregados pela OSCIP (Organiza\u00e7\u00e3o da Sociedade Civil de Interesse P\u00fablico), em Curitiba, no Paran\u00e1.<\/p>\n<p style=\"text-align: justify;\">Em mar\u00e7o deste ano, o delegado esteve a frente de uma opera\u00e7\u00e3o que desarticulou um esquema de lavagem de dinheiro, compra de drogas e mercadorias contrabandeadas, com movimenta\u00e7\u00e3o financeira superior a R$ 600 milh\u00f5es, entre 2011 e 2015, no Oeste do Paran\u00e1. Durante a a\u00e7\u00e3o, foram presas 29 pessoas no Paran\u00e1, Rio Grande do Sul, Santa Catarina e S\u00e3o Paulo. E apreendidos R$ 62,3 mil, US$ 400 d\u00f3lares, tr\u00eas carros e uma arma sem registro.<\/p>\n<p style=\"text-align: justify;\"><strong>Posse<\/strong> &#8211; O evento ir\u00e1 acontecer no audit\u00f3rio da Delegacia da Receita Federal, no Parque dos Poderes. A solenidade contar\u00e1 com autoridades da seguran\u00e7a p\u00fablica e do governo estadual.<\/p>\n<p style=\"text-align: justify;\">O Departamento da Pol\u00edcia Federal tem a disposi\u00e7\u00e3o 480 servidores entre funcion\u00e1rios administrativos e policias, tendo cinco delegacias regionais, nas cidades de Corumb\u00e1, Dourados, Ponta Por\u00e3, Navira\u00ed e Tr\u00eas Lagoas.<\/p>\n<p style=\"text-align: justify;\">A PF realizou no ano de 2014 a apreens\u00e3o de mais de 83 toneladas de maconha, sendo que neste ano j\u00e1 foram apreendidas mais de seis toneladas. Em 2014 foram cinco toneladas de coca\u00edna apreendidas, e em 2015 j\u00e1 se chegou a quase duas toneladas e meia.<\/p>\n<p style=\"text-align: justify;\">\n<\/div>\n<p style=\"text-align: justify;\">Fonte: CG News<\/p>\n","protected":false},"excerpt":{"rendered":"<p>A frente da Opera\u00e7\u00e3o Lama Asf\u00e1ltica, deflagrada na semana passada em Campo Grande, que investiga esquema de corrup\u00e7\u00e3o envolvendo empreiteiras e funcion\u00e1rios p\u00fablicos, a Pol\u00edcia Federal ter\u00e1 um novo superintendente em Mato Grosso do Sul. O delegado Ricardo Cubas C\u00e9sar, vai assumir o cargo no lugar de Edgar Paulo Marcon, que estava no cargo desde [&hellip;]<\/p>\n","protected":false},"author":4,"featured_media":5500,"comment_status":"closed","ping_status":"closed","sticky":false,"template":"","format":"standard","meta":{"footnotes":""},"categories":[38],"tags":[],"class_list":["post-5499","post","type-post","status-publish","format-standard","has-post-thumbnail","hentry","category-policia"],"_links":{"self":[{"href":"https:\/\/www.ocorreionews.com.br\/acervo-correio\/index.php?rest_route=\/wp\/v2\/posts\/5499","targetHints":{"allow":["GET"]}}],"collection":[{"href":"https:\/\/www.ocorreionews.com.br\/acervo-correio\/index.php?rest_route=\/wp\/v2\/posts"}],"about":[{"href":"https:\/\/www.ocorreionews.com.br\/acervo-correio\/index.php?rest_route=\/wp\/v2\/types\/post"}],"author":[{"embeddable":true,"href":"https:\/\/www.ocorreionews.com.br\/acervo-correio\/index.php?rest_route=\/wp\/v2\/users\/4"}],"replies":[{"embeddable":true,"href":"https:\/\/www.ocorreionews.com.br\/acervo-correio\/index.php?rest_route=%2Fwp%2Fv2%2Fcomments&post=5499"}],"version-history":[{"count":0,"href":"https:\/\/www.ocorreionews.com.br\/acervo-correio\/index.php?rest_route=\/wp\/v2\/posts\/5499\/revisions"}],"wp:featuredmedia":[{"embeddable":true,"href":"https:\/\/www.ocorreionews.com.br\/acervo-correio\/index.php?rest_route=\/wp\/v2\/media\/5500"}],"wp:attachment":[{"href":"https:\/\/www.ocorreionews.com.br\/acervo-correio\/index.php?rest_route=%2Fwp%2Fv2%2Fmedia&parent=5499"}],"wp:term":[{"taxonomy":"category","embeddable":true,"href":"https:\/\/www.ocorreionews.com.br\/acervo-correio\/index.php?rest_route=%2Fwp%2Fv2%2Fcategories&post=5499"},{"taxonomy":"post_tag","embeddable":true,"href":"https:\/\/www.ocorreionews.com.br\/acervo-correio\/index.php?rest_route=%2Fwp%2Fv2%2Ftags&post=5499"}],"curies":[{"name":"wp","href":"https:\/\/api.w.org\/{rel}","templated":true}]}}