{"id":5510,"date":"2015-07-16T07:48:22","date_gmt":"2015-07-16T11:48:22","guid":{"rendered":"https:\/\/ocorreionews.com.br\/?p=5510"},"modified":"2015-07-16T08:02:51","modified_gmt":"2015-07-16T12:02:51","slug":"policia-faz-operacao-e-prende-dois-por-trafico-de-drogas-em-costa-rica","status":"publish","type":"post","link":"https:\/\/www.ocorreionews.com.br\/acervo-correio\/?p=5510","title":{"rendered":"Pol\u00edcia faz opera\u00e7\u00e3o e prende dois por tr\u00e1fico de drogas em Costa Rica"},"content":{"rendered":"<div style=\"text-align: justify;\">A Pol\u00edcia Civil de Costa Rica prendeu na tarde desta quarta-feira (15), Robson Ronaldo da Silva vulgo \u2018Lagoa\u2019, e Francivaldo Milhomem Carvalho, ambos com 23 anos. A dupla foi presa em flagrante acusada de tr\u00e1fico de drogas. As pris\u00f5es fazem parte de uma opera\u00e7\u00e3o que teve in\u00edcio por volta das 10h de hoje e foi comandada pelo delegado Cleverson Alves dos Santos e contou com o apoio dos investigadores N\u00e9lio Leon, P\u00fablio e Braga.<\/div>\n<div style=\"text-align: justify;\"><\/div>\n<div style=\"text-align: justify;\">Conforme o investigador N\u00e9lio, a Pol\u00edcia j\u00e1 havia recebido v\u00e1rias den\u00fancias de que \u2018Lagoa\u2019 usava o seu bar para comercializar drogas. \u201cFizemos v\u00e1rias dilig\u00eancias para tentar peg\u00e1-lo em flagrante, mas ele sempre se safava. Hoje a casa caiu\u201d.<\/div>\n<div style=\"text-align: justify;\"><\/div>\n<div style=\"text-align: justify;\">Segundo o delegado, o bar que estava comercializando as drogas est\u00e1 localizado na Rua Marechal Floriano Peixoto esquina com Rua Prud\u00eanciana G. Moreira, na Vila Alvorada. Ap\u00f3s receber den\u00fancia an\u00f4nima de que no local havia chegado cerca de 20 quilos de maconha para comercializa\u00e7\u00e3o, a equipe da Pol\u00edcia Civil foi at\u00e9 o estabelecimento, mas encontrou apenas uma pequena quantidade de droga escondida na gaveta das fichas da mesa de sinuca e outra quantidade foi localizada escondida na carreta que fica estacionada pr\u00f3ximo ao bar.<\/div>\n<div style=\"text-align: justify;\"><\/div>\n<div style=\"text-align: justify;\">\u201cUma testemunha n\u00f3s relatou que pouco antes de chegarmos, um homem havia sa\u00eddo do bar com uma mochila preta nas costas. Aparentava que estava carregando tijolos, detalhou a pessoa que ter\u00e1 seu nome preservado\u201d, relatou o delegado Cleverson \u00e0 nossa reportagem.<\/div>\n<div style=\"text-align: justify;\"><\/div>\n<div style=\"text-align: justify;\">Ap\u00f3s apreender algumas \u2018trouxinhas\u2019 de maconha e uma quantia de aproximadamente R$ 300,00 em dinheiro no bar, os policiais seguiram at\u00e9 a resid\u00eancia de &#8216;Lagoa&#8217;, localizada no bairro Vale do Amanhecer. \u201cL\u00e1 encontramos tr\u00eas menores que aparentava estar comprando drogas e tamb\u00e9m localizamos mais uma pequena quantidade de maconha distribu\u00edda em saquinhos\u201d, contou o investigador P\u00fablio.<\/div>\n<div style=\"text-align: justify;\">\n<figure id=\"attachment_5512\" aria-describedby=\"caption-attachment-5512\" style=\"width: 630px\" class=\"wp-caption alignleft\"><a href=\"https:\/\/ocorreionews.com.br\/wp-content\/uploads\/2015\/07\/traf.costa2_.jpg\"><img loading=\"lazy\" decoding=\"async\" class=\"wp-image-5512 size-full\" src=\"https:\/\/ocorreionews.com.br\/wp-content\/uploads\/2015\/07\/traf.costa2_.jpg\" alt=\"traf.costa2\" width=\"630\" height=\"418\" srcset=\"https:\/\/www.ocorreionews.com.br\/acervo-correio\/wp-content\/uploads\/2015\/07\/traf.costa2_.jpg 630w, https:\/\/www.ocorreionews.com.br\/acervo-correio\/wp-content\/uploads\/2015\/07\/traf.costa2_-300x199.jpg 300w\" sizes=\"auto, (max-width: 630px) 100vw, 630px\" \/><\/a><figcaption id=\"caption-attachment-5512\" class=\"wp-caption-text\">Droga apreendida com a dupla<\/figcaption><\/figure>\n<\/div>\n<div style=\"text-align: justify;\"><\/div>\n<div style=\"text-align: justify;\">J\u00e1 no per\u00edodo da tarde, os policiais seguiram com as investiga\u00e7\u00f5es e localizaram o poss\u00edvel homem que teria retirado \u00e0 mochila preta com drogas do bar. O mesmo foi localizado na regi\u00e3o do Bairro S\u00e3o Francisco.<\/div>\n<div style=\"text-align: justify;\"><\/div>\n<div style=\"text-align: justify;\">A opera\u00e7\u00e3o foi encerrada por volta das 16h. Os policiais apreenderam aproximadamente 9 quilos de maconha compensadas e tamb\u00e9m distribu\u00eddas em \u2018trouxinhas\u2019, tr\u00eas celulares, um caderno de anota\u00e7\u00f5es e um suporte para conservar garrafa.<\/div>\n<div style=\"text-align: justify;\"><\/div>\n<div style=\"text-align: justify;\">Ao Costa Rica em Foco, o delegado fez quest\u00e3o de enfatizar que as pris\u00f5es s\u00f3 foram poss\u00edveis devido \u00e0s den\u00fancias feitas pela popula\u00e7\u00e3o. &#8220;Os trabalhos devem continuar e contamos com o apoio da popula\u00e7\u00e3o, que pode passar as informa\u00e7\u00f5es para a gente por telefone ou vindo pessoalmente na delegacia, tudo de forma an\u00f4nima&#8221;, explica.<\/div>\n<div style=\"text-align: justify;\"><\/div>\n<div style=\"text-align: justify;\">Cleverson dos Santos tem convic\u00e7\u00e3o que os trabalhos de combate ao tr\u00e1fico de drogas e as a\u00e7\u00f5es desenvolvidas pelo Costa Rica Sem Drogas tem diminu\u00eddo significativamente os \u00edndices de viol\u00eancia na cidade.<\/div>\n<div style=\"text-align: justify;\"><\/div>\n<div style=\"text-align: justify;\">As duas pessoas detidas na opera\u00e7\u00e3o, bem como os tr\u00eas menores e a droga apreendida foram levadas para a Delegacia de Pol\u00edcia Civil de Costa Rica, onde o caso \u00e9 investigado.<\/div>\n<div style=\"text-align: justify;\">COSTARICAEMFOCO<\/div>\n<div style=\"text-align: justify;\"><\/div>\n","protected":false},"excerpt":{"rendered":"<p>A Pol\u00edcia Civil de Costa Rica prendeu na tarde desta quarta-feira (15), Robson Ronaldo da Silva vulgo \u2018Lagoa\u2019, e Francivaldo Milhomem Carvalho, ambos com 23 anos. A dupla foi presa em flagrante acusada de tr\u00e1fico de drogas. As pris\u00f5es fazem parte de uma opera\u00e7\u00e3o que teve in\u00edcio por volta das 10h de hoje e foi [&hellip;]<\/p>\n","protected":false},"author":4,"featured_media":5511,"comment_status":"closed","ping_status":"closed","sticky":false,"template":"","format":"standard","meta":{"footnotes":""},"categories":[25,38],"tags":[],"class_list":["post-5510","post","type-post","status-publish","format-standard","has-post-thumbnail","hentry","category-costa-rica","category-policia"],"_links":{"self":[{"href":"https:\/\/www.ocorreionews.com.br\/acervo-correio\/index.php?rest_route=\/wp\/v2\/posts\/5510","targetHints":{"allow":["GET"]}}],"collection":[{"href":"https:\/\/www.ocorreionews.com.br\/acervo-correio\/index.php?rest_route=\/wp\/v2\/posts"}],"about":[{"href":"https:\/\/www.ocorreionews.com.br\/acervo-correio\/index.php?rest_route=\/wp\/v2\/types\/post"}],"author":[{"embeddable":true,"href":"https:\/\/www.ocorreionews.com.br\/acervo-correio\/index.php?rest_route=\/wp\/v2\/users\/4"}],"replies":[{"embeddable":true,"href":"https:\/\/www.ocorreionews.com.br\/acervo-correio\/index.php?rest_route=%2Fwp%2Fv2%2Fcomments&post=5510"}],"version-history":[{"count":0,"href":"https:\/\/www.ocorreionews.com.br\/acervo-correio\/index.php?rest_route=\/wp\/v2\/posts\/5510\/revisions"}],"wp:featuredmedia":[{"embeddable":true,"href":"https:\/\/www.ocorreionews.com.br\/acervo-correio\/index.php?rest_route=\/wp\/v2\/media\/5511"}],"wp:attachment":[{"href":"https:\/\/www.ocorreionews.com.br\/acervo-correio\/index.php?rest_route=%2Fwp%2Fv2%2Fmedia&parent=5510"}],"wp:term":[{"taxonomy":"category","embeddable":true,"href":"https:\/\/www.ocorreionews.com.br\/acervo-correio\/index.php?rest_route=%2Fwp%2Fv2%2Fcategories&post=5510"},{"taxonomy":"post_tag","embeddable":true,"href":"https:\/\/www.ocorreionews.com.br\/acervo-correio\/index.php?rest_route=%2Fwp%2Fv2%2Ftags&post=5510"}],"curies":[{"name":"wp","href":"https:\/\/api.w.org\/{rel}","templated":true}]}}