{"id":5515,"date":"2015-07-16T07:56:17","date_gmt":"2015-07-16T11:56:17","guid":{"rendered":"https:\/\/ocorreionews.com.br\/?p=5515"},"modified":"2015-07-16T08:01:38","modified_gmt":"2015-07-16T12:01:38","slug":"frigorifico-marfrig-encerra-atividades-e-demite-530-funcionarios-em-paranaiba","status":"publish","type":"post","link":"https:\/\/www.ocorreionews.com.br\/acervo-correio\/?p=5515","title":{"rendered":"Frigor\u00edfico Marfrig encerra atividades e demite 530 funcion\u00e1rios em Parana\u00edba"},"content":{"rendered":"<blockquote>\n<h5><strong><em>Por falta de bois para abate, este \u00e9 o 14\u00ba frigor\u00edfico em menos de um ano a paralisar ou encerrar atividades<\/em><\/strong><\/h5>\n<\/blockquote>\n<div class=\"bloco_texto_span\">\n<p>A Marfrig anunciou o fechamento do frigor\u00edfico em Parana\u00edba, a 422 quil\u00f4metros de Campo Grande e a demiss\u00e3o de 530 funcion\u00e1rios. Mato Grosso do Sul soma 16 frigor\u00edficos fechados. Em menos de um ano, esta \u00e9 a 14\u00ba empresa a encerrar as atividades ou dar f\u00e9rias coletivas aos trabalhadores.<\/p>\n<p>De acordo com o presidente do Sindicato dos Trabalhadores em Frigor\u00edficos, Lucio de Souza Rezende, durante reuni\u00e3o realizada ontem (14), a Marfrig afirmou que preferiu demitir do que dar f\u00e9rias coletivas. &#8220;S\u00e3o 530 funcion\u00e1rios que receber\u00e3o todos os direitos e a folha de pagamento chega a R$ 1 milh\u00e3o&#8221;, comenta.<\/p>\n<p>Para o presidente da Assocarne (Associa\u00e7\u00e3o de Matadouros, Frigor\u00edficos e Distribuidores de Carne de Mato Grosso do Sul), Jo\u00e3o Alberto Dias, esse \u00e9 o reflexo da falta de demanda no mercado. &#8220;O Minerva e Marfrig s\u00e3o plantas de grande porte e t\u00eam os custos de manuten\u00e7\u00e3o elevados, quando o mercado est\u00e1 em crise, essas plantas operam no vermelho e agora o Marfrig resolveu fechar&#8221;, explica.<\/p>\n<p>O prefeito de Parana\u00edba, Diogo Tita (PPS), afirmou que essa not\u00edcia causa um impacto negativo para a economia do munic\u00edpio. &#8220;Quando se demite mais de 500 pais de fam\u00edlia, causa uma desestrutura grande, ainda mais em um munic\u00edpio que n\u00e3o produz gr\u00e3os e tem o ICMS baixo&#8221;, informa.<\/p>\n<p>Segundo ele, o dono da planta de Parana\u00edba onde operava o antigo Margen, tem interesse em retornar as atividades. &#8220;Mas eles est\u00e3o em recupera\u00e7\u00e3o judicial, mas o que eu puder fazer para ajudar a retornar as atividades, eu farei&#8221;, finaliza.<\/p>\n<p>Em nota, a Marfrig comunicou que a opera\u00e7\u00e3o do frigor\u00edfico ser\u00e1 suspensa no s\u00e1bado (18) por motivos estrat\u00e9gicos e de reavalia\u00e7\u00e3o de neg\u00f3cio devido \u00e0 pouca disponibilidade de mat\u00e9ria-prima na regi\u00e3o e a ociosidade da respectiva planta.<\/p>\n<h5>Renata Volpe Haddad &#8211; Campograndenews<\/h5>\n<\/div>\n","protected":false},"excerpt":{"rendered":"<p>Por falta de bois para abate, este \u00e9 o 14\u00ba frigor\u00edfico em menos de um ano a paralisar ou encerrar atividades A Marfrig anunciou o fechamento do frigor\u00edfico em Parana\u00edba, a 422 quil\u00f4metros de Campo Grande e a demiss\u00e3o de 530 funcion\u00e1rios. Mato Grosso do Sul soma 16 frigor\u00edficos fechados. Em menos de um ano, [&hellip;]<\/p>\n","protected":false},"author":4,"featured_media":5518,"comment_status":"closed","ping_status":"closed","sticky":false,"template":"","format":"standard","meta":{"footnotes":""},"categories":[26],"tags":[],"class_list":["post-5515","post","type-post","status-publish","format-standard","has-post-thumbnail","hentry","category-economia"],"_links":{"self":[{"href":"https:\/\/www.ocorreionews.com.br\/acervo-correio\/index.php?rest_route=\/wp\/v2\/posts\/5515","targetHints":{"allow":["GET"]}}],"collection":[{"href":"https:\/\/www.ocorreionews.com.br\/acervo-correio\/index.php?rest_route=\/wp\/v2\/posts"}],"about":[{"href":"https:\/\/www.ocorreionews.com.br\/acervo-correio\/index.php?rest_route=\/wp\/v2\/types\/post"}],"author":[{"embeddable":true,"href":"https:\/\/www.ocorreionews.com.br\/acervo-correio\/index.php?rest_route=\/wp\/v2\/users\/4"}],"replies":[{"embeddable":true,"href":"https:\/\/www.ocorreionews.com.br\/acervo-correio\/index.php?rest_route=%2Fwp%2Fv2%2Fcomments&post=5515"}],"version-history":[{"count":0,"href":"https:\/\/www.ocorreionews.com.br\/acervo-correio\/index.php?rest_route=\/wp\/v2\/posts\/5515\/revisions"}],"wp:featuredmedia":[{"embeddable":true,"href":"https:\/\/www.ocorreionews.com.br\/acervo-correio\/index.php?rest_route=\/wp\/v2\/media\/5518"}],"wp:attachment":[{"href":"https:\/\/www.ocorreionews.com.br\/acervo-correio\/index.php?rest_route=%2Fwp%2Fv2%2Fmedia&parent=5515"}],"wp:term":[{"taxonomy":"category","embeddable":true,"href":"https:\/\/www.ocorreionews.com.br\/acervo-correio\/index.php?rest_route=%2Fwp%2Fv2%2Fcategories&post=5515"},{"taxonomy":"post_tag","embeddable":true,"href":"https:\/\/www.ocorreionews.com.br\/acervo-correio\/index.php?rest_route=%2Fwp%2Fv2%2Ftags&post=5515"}],"curies":[{"name":"wp","href":"https:\/\/api.w.org\/{rel}","templated":true}]}}