{"id":5550,"date":"2015-07-16T09:54:08","date_gmt":"2015-07-16T13:54:08","guid":{"rendered":"https:\/\/ocorreionews.com.br\/?p=5550"},"modified":"2015-07-16T09:54:08","modified_gmt":"2015-07-16T13:54:08","slug":"comeca-hoje-o-26o-fegams-em-sao-gabriel-do-oeste","status":"publish","type":"post","link":"https:\/\/www.ocorreionews.com.br\/acervo-correio\/?p=5550","title":{"rendered":"Come\u00e7a hoje o 26\u00ba Fegams em S\u00e3o Gabriel do Oeste"},"content":{"rendered":"<p>O Movimento Tradicionalista Ga\u00facho do Mato Grosso do Sul (MTG\/MS) e o CTG Chama Crioula realizam, com o apoio da Secretaria de Cultura, Turismo, Empreendedorismo e Inova\u00e7\u00e3o, do Governo do Estado, de 16 a 19 de julho, em S\u00e3o Gabriel do Oeste\/MS, o 26\u00ba Festival Sul-Mato-Grossense de Folclore e Tradi\u00e7\u00e3o Ga\u00facha (Fegams) com o tema \u201cDa Tert\u00falia Sul-mato-grossense ao Pampa Ga\u00facho\u201d. De acordo com a comiss\u00e3o organizadora, o Fegams receber\u00e1 em torno de cinco mil visitantes e integrantes dos CTG`s durante os quatro dias de encontro.<\/p>\n<p>Presidente do MTG-MS, Natal Jos\u00e9 Marchioro explica que o festival \u00e9 o maior encontro da tradi\u00e7\u00e3o ga\u00facha no Estado e acontece anualmente. \u201cPreparamos juntamente com a equipe do CTG Chama Crioula a organiza\u00e7\u00e3o de mais uma grandiosa edi\u00e7\u00e3o do Fegams. S\u00e3o quatro dias de festival, onde integrantes dos CTG\u2019s confraternizam-se constituindo uma grande fam\u00edlia. Al\u00e9m disso, fortalecemos os valores de cultivar uma tradi\u00e7\u00e3o repassada em cada entidade tradicionalista, especialmente integrando os jovens neste grande interc\u00e2mbio cultural\u201d, disse\u00a0Marchioro.<\/p>\n<p>O evento realiza em torno de 60 provas e reunir\u00e1 aproximadamente 800 concorrentes de 12\u00a0Centros de Tradi\u00e7\u00f5es Ga\u00fachas do Estado. Os integrantes dos CTG`s participar\u00e3o de provas das modalidades de dan\u00e7as tradicionais, chula, birivas, dan\u00e7as ga\u00fachas de sal\u00e3o, declama\u00e7\u00e3o, m\u00fasica e esportes.<\/p>\n<p>Os CTGs mant\u00e9m um trabalho que envolve pesquisa, difus\u00e3o e viv\u00eancia com a cultura ga\u00facha e sul-mato-grossense por meio da dan\u00e7a, m\u00fasica, literatura, artesanato, culin\u00e1ria, usos e costumes al\u00e9m de esportes e tradi\u00e7\u00f5es campeiras. \u201cEssas atividades s\u00e3o desenvolvidas pelos CTGs com grupos nas categorias mirim, juvenil, adulto, xir\u00fa (acima 30 anos) e veterano (acima 60 anos)\u201d, complementa o presidente do MTG-MS. Para este ano, h\u00e1 uma nova modalidade \u2013 Dan\u00e7as Ga\u00fachas de Sal\u00e3o \u2013 que foi aprovada e inclu\u00edda ao regulamento do festival.<\/p>\n<p>\u201cO Fegams carrega a ess\u00eancia da Carta de Princ\u00edpios do movimento tradicionalista ga\u00facho, valorizando o folclore e a tradi\u00e7\u00e3o ga\u00facha. \u00c9 aberto aos visitantes (entrada franca) e acontecer\u00e1 na sede do CTG Chama Crioula. Convidamos as fam\u00edlias s\u00e3o-gabrielenses e todos os sul-mato-grossenses para este grande encontro da tradi\u00e7\u00e3o ga\u00facha\u201d, convida Vilso Tonetto, Patr\u00e3o do CTG Chama Crioula.<\/p>\n<p>A solenidade de abertura ser\u00e1 \u00e0s 19h desta quinta-feira\u00a0(16), no palco principal do CTG Chama Crioula. No s\u00e1bado\u00a0(18)\u00a0ser\u00e1 realizado o fandango com Walther Morais e Grupo Criado em Galp\u00e3o. A previs\u00e3o para o encerramento e solenidade de premia\u00e7\u00e3o \u00e9 para as 15h do domingo, (19).<\/p>\n<p><strong>Servi\u00e7o \u2013\u00a0<\/strong>O\u00a0\u00a026\u00ba\u00a0Fegams acontece de 16 a 19 julho sendo uma realiza\u00e7\u00e3o do MTG\/MS e CTG Chama Crioula com o\u00a0apoio do Governo do Estado de Mato Grosso do Sul, por meio da Secretaria de Estado de Cultura, Turismo, Empreendedorismo e Inova\u00e7\u00e3o \u00a0e Prefeitura Municipal de S\u00e3o Gabriel do Oeste. O festival \u00e9 aberto ao p\u00fablico e a entrada para as apresenta\u00e7\u00f5es art\u00edstico-culturais \u00e9 franca.<\/p>\n<p>&nbsp;<\/p>\n<p><em>Assessoria MTG\/Aline Kraemer<\/em> &#8211; <em>Foto:\u00a0Ed Moreno<\/em><\/p>\n","protected":false},"excerpt":{"rendered":"<p>O Movimento Tradicionalista Ga\u00facho do Mato Grosso do Sul (MTG\/MS) e o CTG Chama Crioula realizam, com o apoio da Secretaria de Cultura, Turismo, Empreendedorismo e Inova\u00e7\u00e3o, do Governo do Estado, de 16 a 19 de julho, em S\u00e3o Gabriel do Oeste\/MS, o 26\u00ba Festival Sul-Mato-Grossense de Folclore e Tradi\u00e7\u00e3o Ga\u00facha (Fegams) com o tema [&hellip;]<\/p>\n","protected":false},"author":4,"featured_media":5551,"comment_status":"closed","ping_status":"closed","sticky":false,"template":"","format":"standard","meta":{"footnotes":""},"categories":[31],"tags":[],"class_list":["post-5550","post","type-post","status-publish","format-standard","has-post-thumbnail","hentry","category-geral"],"_links":{"self":[{"href":"https:\/\/www.ocorreionews.com.br\/acervo-correio\/index.php?rest_route=\/wp\/v2\/posts\/5550","targetHints":{"allow":["GET"]}}],"collection":[{"href":"https:\/\/www.ocorreionews.com.br\/acervo-correio\/index.php?rest_route=\/wp\/v2\/posts"}],"about":[{"href":"https:\/\/www.ocorreionews.com.br\/acervo-correio\/index.php?rest_route=\/wp\/v2\/types\/post"}],"author":[{"embeddable":true,"href":"https:\/\/www.ocorreionews.com.br\/acervo-correio\/index.php?rest_route=\/wp\/v2\/users\/4"}],"replies":[{"embeddable":true,"href":"https:\/\/www.ocorreionews.com.br\/acervo-correio\/index.php?rest_route=%2Fwp%2Fv2%2Fcomments&post=5550"}],"version-history":[{"count":0,"href":"https:\/\/www.ocorreionews.com.br\/acervo-correio\/index.php?rest_route=\/wp\/v2\/posts\/5550\/revisions"}],"wp:featuredmedia":[{"embeddable":true,"href":"https:\/\/www.ocorreionews.com.br\/acervo-correio\/index.php?rest_route=\/wp\/v2\/media\/5551"}],"wp:attachment":[{"href":"https:\/\/www.ocorreionews.com.br\/acervo-correio\/index.php?rest_route=%2Fwp%2Fv2%2Fmedia&parent=5550"}],"wp:term":[{"taxonomy":"category","embeddable":true,"href":"https:\/\/www.ocorreionews.com.br\/acervo-correio\/index.php?rest_route=%2Fwp%2Fv2%2Fcategories&post=5550"},{"taxonomy":"post_tag","embeddable":true,"href":"https:\/\/www.ocorreionews.com.br\/acervo-correio\/index.php?rest_route=%2Fwp%2Fv2%2Ftags&post=5550"}],"curies":[{"name":"wp","href":"https:\/\/api.w.org\/{rel}","templated":true}]}}