{"id":5553,"date":"2015-07-16T09:56:44","date_gmt":"2015-07-16T13:56:44","guid":{"rendered":"https:\/\/ocorreionews.com.br\/?p=5553"},"modified":"2015-07-16T09:56:44","modified_gmt":"2015-07-16T13:56:44","slug":"jovem-conta-como-e-estar-em-coma-eu-ficava-sentada-olhando-paisagens-bonitas","status":"publish","type":"post","link":"https:\/\/www.ocorreionews.com.br\/acervo-correio\/?p=5553","title":{"rendered":"Jovem conta como \u00e9 estar em coma: \u2018Eu ficava sentada olhando paisagens bonitas\u2019"},"content":{"rendered":"<p>Claire Wineland, de 18 anos, imaginou durante duas semanas que estava no Alasca olhando para uma paisagem bonita com animais e cavernas. Nesse per\u00edodo, na verdade, a jovem estava em coma induzido num hospital da Calif\u00f3rnia, mas sua mente estava em outro lugar. Ela decidiu contar a experi\u00eancia num projeto sem fins lucrativos, e seu depoimento em v\u00eddeo j\u00e1 teve mais de 500 mil visualiza\u00e7\u00f5es.<\/p>\n<p>Segundo a rede de TV \u201cABC\u201d, Claire ouvia ru\u00eddos e pessoas ao seu redor. \u201cLembro-me de estar sentada e olhando para a paisagem mais bonita de sempre por horas e horas&#8230; Era frio, mas eu n\u00e3o me importava. Parecia que eu estava embalada em gelo durante todo o tempo\u201d, disse a jovem no v\u00eddeo.<\/p>\n<figure class=\"vertical_inline\">\n<p><figure style=\"width: 448px\" class=\"wp-caption alignnone\"><img loading=\"lazy\" decoding=\"async\" class=\"inline\" src=\"http:\/\/extra.globo.com\/incoming\/16779933-ffe-a76\/w448\/claire-coma-01.jpg\" alt=\"Claire contou a experi\u00eancia em v\u00eddeo\" width=\"448\" height=\"249\" \/><figcaption class=\"wp-caption-text\">Claire contou a experi\u00eancia em v\u00eddeo Foto: Reprodu\u00e7\u00e3o\/ Youtube\/ Claire Project<\/figcaption><\/figure><figcaption>\n<\/figcaption><\/figure>\n<figure class=\"vertical_inline\">\n<p><figure style=\"width: 448px\" class=\"wp-caption alignnone\"><img loading=\"lazy\" decoding=\"async\" class=\"inline\" src=\"http:\/\/extra.globo.com\/incoming\/16780041-cd2-035\/w448\/claire-coma-04.jpg\" alt=\"Claire Wineland ficou em coma e agora conta sua experi\u00eancia pela internet\" width=\"448\" height=\"448\" \/><figcaption class=\"wp-caption-text\">Claire Wineland ficou em coma e agora conta sua experi\u00eancia pela internet Foto: Reprodu\u00e7\u00e3o\/ Instagram\/ Claire Project<\/figcaption><\/figure><figcaption>\n<\/figcaption><\/figure>\n<p>Ela precisou ficar em coma ap\u00f3s uma cirurgia de rotina porque ela tem fibrose c\u00edstica e contraiu uma infec\u00e7\u00e3o. \u201cTudo o que acontece no mundo real voc\u00ea ouve e est\u00e1 ciente. Voc\u00ea meio que sabe o que est\u00e1 acontecendo, mas isso passa por um filtro estranho e se transforma em outra coisa quando atinge a sua consci\u00eancia\u201d, disse no depoimento em v\u00eddeo.<\/p>\n<p>A jovem contou \u00e0 \u201cABC\u201d que teve problemas ao \u201cacordar\u201d do coma. \u201cEu n\u00e3o me lembrava o que era real e o que n\u00e3o era real. Toda vez que eu falo sobre isso lembro de outra coisa. H\u00e1 um mundo oculto. Ningu\u00e9m realmente fala sobre isso, e a vida de uma pessoa doente \u00e9 incrivelmente fascinante\u201d, disse.<\/p>\n<p>Neurologista entrevistado pela \u201cABC\u201d, Michael DeGeorgia contou que pacientes podem enfrentar processos p\u00f3s-traum\u00e1ticos ou traumas se s\u00e3o deixados em estado de &#8220;sonho&#8221; durante a seda\u00e7\u00e3o. Segundo ele, o coma induzido \u00e9 diferente de um coma causado por uma les\u00e3o cerebral .<\/p>\n<figure class=\"vertical_inline\">\n<p><figure style=\"width: 448px\" class=\"wp-caption alignnone\"><img loading=\"lazy\" decoding=\"async\" class=\"inline\" src=\"http:\/\/extra.globo.com\/incoming\/16779934-e48-e5f\/w448\/claire-coma-02.jpg\" alt=\"Bolsas de gelo formam aplicadas nos p\u00e9s da jovem para controlar a febre\" width=\"448\" height=\"241\" \/><figcaption class=\"wp-caption-text\">Bolsas de gelo formam aplicadas nos p\u00e9s da jovem para controlar a febre Foto: Reprodu\u00e7\u00e3o\/ Youtube\/ Claire Project<\/figcaption><\/figure><figcaption>\n<\/figcaption><\/figure>\n<p>Claire pensou que estava no Alasca quando bolsas de gelo foram aplicadas em seus p\u00e9s para diminuir a febre, e quando precisou drenar flu\u00eddos o corpo achou que ela estava num bal\u00e3o. Segundo o neurologista, os m\u00e9dicos t\u00eam usado menos sedativos porque os pacientes podem ter experi\u00eancias traum\u00e1ticas. \u201cSabemos agora que, em diferentes graus que os pacientes podem estar cientes do que voc\u00ea est\u00e1 fazendo\u201d, explicou.<\/p>\n<p>Claire disse, no v\u00eddeo, que ter ficado em coma a ensinou muito. &#8220;Primeiro eu aprendi que amo o Alasca. A experi\u00eancia me mostrou quem eu amo de verdade e como as nossas mentes podem ser manipuladas&#8221;, disse a jovem, acrescentando que falar sobre isso a deixa feliz.<\/p>\n<p>&nbsp;<\/p>\n<p>Fonte: EXTRA<\/p>\n","protected":false},"excerpt":{"rendered":"<p>Claire Wineland, de 18 anos, imaginou durante duas semanas que estava no Alasca olhando para uma paisagem bonita com animais e cavernas. Nesse per\u00edodo, na verdade, a jovem estava em coma induzido num hospital da Calif\u00f3rnia, mas sua mente estava em outro lugar. Ela decidiu contar a experi\u00eancia num projeto sem fins lucrativos, e seu [&hellip;]<\/p>\n","protected":false},"author":4,"featured_media":5554,"comment_status":"closed","ping_status":"closed","sticky":false,"template":"","format":"standard","meta":{"footnotes":""},"categories":[33],"tags":[],"class_list":["post-5553","post","type-post","status-publish","format-standard","has-post-thumbnail","hentry","category-mundo"],"_links":{"self":[{"href":"https:\/\/www.ocorreionews.com.br\/acervo-correio\/index.php?rest_route=\/wp\/v2\/posts\/5553","targetHints":{"allow":["GET"]}}],"collection":[{"href":"https:\/\/www.ocorreionews.com.br\/acervo-correio\/index.php?rest_route=\/wp\/v2\/posts"}],"about":[{"href":"https:\/\/www.ocorreionews.com.br\/acervo-correio\/index.php?rest_route=\/wp\/v2\/types\/post"}],"author":[{"embeddable":true,"href":"https:\/\/www.ocorreionews.com.br\/acervo-correio\/index.php?rest_route=\/wp\/v2\/users\/4"}],"replies":[{"embeddable":true,"href":"https:\/\/www.ocorreionews.com.br\/acervo-correio\/index.php?rest_route=%2Fwp%2Fv2%2Fcomments&post=5553"}],"version-history":[{"count":0,"href":"https:\/\/www.ocorreionews.com.br\/acervo-correio\/index.php?rest_route=\/wp\/v2\/posts\/5553\/revisions"}],"wp:featuredmedia":[{"embeddable":true,"href":"https:\/\/www.ocorreionews.com.br\/acervo-correio\/index.php?rest_route=\/wp\/v2\/media\/5554"}],"wp:attachment":[{"href":"https:\/\/www.ocorreionews.com.br\/acervo-correio\/index.php?rest_route=%2Fwp%2Fv2%2Fmedia&parent=5553"}],"wp:term":[{"taxonomy":"category","embeddable":true,"href":"https:\/\/www.ocorreionews.com.br\/acervo-correio\/index.php?rest_route=%2Fwp%2Fv2%2Fcategories&post=5553"},{"taxonomy":"post_tag","embeddable":true,"href":"https:\/\/www.ocorreionews.com.br\/acervo-correio\/index.php?rest_route=%2Fwp%2Fv2%2Ftags&post=5553"}],"curies":[{"name":"wp","href":"https:\/\/api.w.org\/{rel}","templated":true}]}}