{"id":5556,"date":"2015-07-16T10:29:50","date_gmt":"2015-07-16T14:29:50","guid":{"rendered":"https:\/\/ocorreionews.com.br\/?p=5556"},"modified":"2015-07-16T10:29:50","modified_gmt":"2015-07-16T14:29:50","slug":"senadores-aprovam-projeto-que-regula-criacao-de-municipios","status":"publish","type":"post","link":"https:\/\/www.ocorreionews.com.br\/acervo-correio\/?p=5556","title":{"rendered":"Senadores aprovam projeto que regula cria\u00e7\u00e3o de munic\u00edpios"},"content":{"rendered":"<p style=\"text-align: justify;\">O projeto de Lei do Senado n\u00ba 199\/2015 Complementar , que regula a cria\u00e7\u00e3o, incorpora\u00e7\u00e3o, fus\u00e3o e desmembramento de munic\u00edpios foi aprovado ontem (15) pelos senadores. Segundo o autor da mat\u00e9ria, senador Flexa Ribeiro (PSDB-PA), a proposta estabelece crit\u00e9rios r\u00edgidos para a cria\u00e7\u00e3o de munic\u00edpios, e atende ao interesses de muitos distritos que reivindicam emancipa\u00e7\u00e3o.<\/p>\n<p style=\"text-align: justify;\">Os que votaram favor\u00e1veis ao projeto disseram que a proposta apenas organiza a cria\u00e7\u00e3o de novos munic\u00edpios, visto que a realidade do Sul e Sudeste \u00e9 diferente da de outras regi\u00f5es, que conforme eles concentram distritos localizados a centenas de quil\u00f4metros da sede dos munic\u00edpios, sem a oferta de qualquer servi\u00e7o p\u00fablico.<\/p>\n<p style=\"text-align: justify;\">Pelo texto, o ponto de partida para a cria\u00e7\u00e3o de novos munic\u00edpios, ser\u00e1 a apresenta\u00e7\u00e3o de requerimento \u00e0 assembleia legislativa estadual, apoiado por 20% do eleitorado da \u00e1rea alvo de emancipa\u00e7\u00e3o ou desmembramento ou 3% dos eleitores de cada um dos munic\u00edpios com pretens\u00f5es de fus\u00e3o ou incorpora\u00e7\u00e3o. Tamb\u00e9m ter\u00e3o de ser feitos estudos de viabilidade municipal. Para efetivar a cria\u00e7\u00e3o dos munic\u00edpios mediante o alcance de um contingente populacional m\u00ednimo, para que sua popula\u00e7\u00e3o seja igual ou superior a 6 mil habitantes nas Regi\u00f5es Norte e Centro-Oeste; 12 mil na Regi\u00e3o Nordeste; e 20 mil nas Regi\u00f5es Sul e Sudeste.<\/p>\n<p style=\"text-align: justify;\">O texto determina, que a \u00e1rea urbana n\u00e3o poder\u00e1 estar em reservas ind\u00edgenas, \u00e1rea de preserva\u00e7\u00e3o ambiental ou terreno pertencente \u00e0 Uni\u00e3o. Outro crit\u00e9rio a ser observado \u00e9 a exist\u00eancia de um n\u00famero m\u00ednimo de im\u00f3veis, que precisa ser superior \u00e0 m\u00e9dia dos munic\u00edpios que correspondam aos 10% de menor popula\u00e7\u00e3o no estado. Agora, a mat\u00e9ria ser\u00e1 encaminhado \u00e0 san\u00e7\u00e3o presidencial.<\/p>\n<p style=\"text-align: justify;\">Ag\u00eancia Brasil\/DF Foto: Moreira Mariz\/Ag\u00eancia Senado<\/p>\n","protected":false},"excerpt":{"rendered":"<p>O projeto de Lei do Senado n\u00ba 199\/2015 Complementar , que regula a cria\u00e7\u00e3o, incorpora\u00e7\u00e3o, fus\u00e3o e desmembramento de munic\u00edpios foi aprovado ontem (15) pelos senadores. Segundo o autor da mat\u00e9ria, senador Flexa Ribeiro (PSDB-PA), a proposta estabelece crit\u00e9rios r\u00edgidos para a cria\u00e7\u00e3o de munic\u00edpios, e atende ao interesses de muitos distritos que reivindicam emancipa\u00e7\u00e3o. [&hellip;]<\/p>\n","protected":false},"author":4,"featured_media":5560,"comment_status":"closed","ping_status":"closed","sticky":false,"template":"","format":"standard","meta":{"footnotes":""},"categories":[37],"tags":[],"class_list":["post-5556","post","type-post","status-publish","format-standard","has-post-thumbnail","hentry","category-politica"],"_links":{"self":[{"href":"https:\/\/www.ocorreionews.com.br\/acervo-correio\/index.php?rest_route=\/wp\/v2\/posts\/5556","targetHints":{"allow":["GET"]}}],"collection":[{"href":"https:\/\/www.ocorreionews.com.br\/acervo-correio\/index.php?rest_route=\/wp\/v2\/posts"}],"about":[{"href":"https:\/\/www.ocorreionews.com.br\/acervo-correio\/index.php?rest_route=\/wp\/v2\/types\/post"}],"author":[{"embeddable":true,"href":"https:\/\/www.ocorreionews.com.br\/acervo-correio\/index.php?rest_route=\/wp\/v2\/users\/4"}],"replies":[{"embeddable":true,"href":"https:\/\/www.ocorreionews.com.br\/acervo-correio\/index.php?rest_route=%2Fwp%2Fv2%2Fcomments&post=5556"}],"version-history":[{"count":0,"href":"https:\/\/www.ocorreionews.com.br\/acervo-correio\/index.php?rest_route=\/wp\/v2\/posts\/5556\/revisions"}],"wp:featuredmedia":[{"embeddable":true,"href":"https:\/\/www.ocorreionews.com.br\/acervo-correio\/index.php?rest_route=\/wp\/v2\/media\/5560"}],"wp:attachment":[{"href":"https:\/\/www.ocorreionews.com.br\/acervo-correio\/index.php?rest_route=%2Fwp%2Fv2%2Fmedia&parent=5556"}],"wp:term":[{"taxonomy":"category","embeddable":true,"href":"https:\/\/www.ocorreionews.com.br\/acervo-correio\/index.php?rest_route=%2Fwp%2Fv2%2Fcategories&post=5556"},{"taxonomy":"post_tag","embeddable":true,"href":"https:\/\/www.ocorreionews.com.br\/acervo-correio\/index.php?rest_route=%2Fwp%2Fv2%2Ftags&post=5556"}],"curies":[{"name":"wp","href":"https:\/\/api.w.org\/{rel}","templated":true}]}}