{"id":5557,"date":"2015-07-16T10:02:38","date_gmt":"2015-07-16T14:02:38","guid":{"rendered":"https:\/\/ocorreionews.com.br\/?p=5557"},"modified":"2015-07-16T10:02:38","modified_gmt":"2015-07-16T14:02:38","slug":"trabalhadores-da-coopercori-e-da-congeo-recebem-capacitacao","status":"publish","type":"post","link":"https:\/\/www.ocorreionews.com.br\/acervo-correio\/?p=5557","title":{"rendered":"Trabalhadores da Coopercori e da Congeo recebem capacita\u00e7\u00e3o"},"content":{"rendered":"<div class=\"marginBottom30px link-Internas\">\n<p style=\"text-align: justify;\">A administra\u00e7\u00e3o Municipal por meio da Secretaria de Agricultura e Desenvolvimento e a empresa Mitiga\u00e7\u00e3o Engenharia LTDA ofereceram na \u00faltima sexta-feira, 10 de julho de 2015, aos trabalhadores da empresa Coopercori \u2013 Cooperativa de Catadores de Lixo de Costa Rica \u2013 MS e os funcion\u00e1rios da Congeo &#8211; Constru\u00e7\u00e3o e Com\u00e9rcio Ltda &#8211; que faz coleta seletiva no Munic\u00edpio, uma capacita\u00e7\u00e3o ministrada pela consultora e jornalista em Res\u00edduos S\u00f3lidos, Eclair Silva.<\/p>\n<p style=\"text-align: justify;\">A capacita\u00e7\u00e3o faz parte de mais uma etapa do Projeto em Educa\u00e7\u00e3o Ambiental vinculado ao Projeto Cidade Limpa \u2018Um sonho de todos\u2019. Durante o treinamento foram abordados pela consultora v\u00e1rios aspectos, entre ele o benef\u00edcio da destina\u00e7\u00e3o correta dos res\u00edduos s\u00f3lidos; a import\u00e2ncia da separa\u00e7\u00e3o correta; o valor do trabalho dos catadores e import\u00e2ncia do lixo para comunidade.<\/p>\n<p style=\"text-align: justify;\">Ainda durante a capacita\u00e7\u00e3o a consultora tamb\u00e9m apresentou alguns materiais feitos a partir de produtos reciclados, como telhas, vassouras, canetas e l\u00e1pis. O curso foi finalizado com uma din\u00e2mica sobre a import\u00e2ncia de todos trabalharem em equipe ressaltando a valoriza\u00e7\u00e3o dos catadores.<\/p>\n<p style=\"text-align: justify;\">Para o secret\u00e1rio Municipal de Agricultura e Desenvolvimento, Keyler Simey Garcia Barbosa, que esteve presente no treinamento, fica claro que o Projeto em Educa\u00e7\u00e3o Ambiental \u00e9 de extrema import\u00e2ncia para o Mun\u00edcipio e tamb\u00e9m para todos participantes dessa cadeia. Ele tamb\u00e9m destacou a import\u00e2ncia da separa\u00e7\u00e3o correta do lixo, \u201c\u00e9 preciso que todos continuem praticando para que possa ser feito a destina\u00e7\u00e3o correta desses res\u00edduos\u201d.<\/p>\n<p style=\"text-align: justify;\">A coordenadora do projeto complementou que \u201co objeto \u00e9 aproximar os trabalhadores de forma que fiquem claro que somos um \u2018Elo\u2019, dependemos um do outro. A separa\u00e7\u00e3o do lixo come\u00e7a em nossas casas e que quando chega \u00e0 cooperativa podemos fazer muito mais, de \u2018lixo a mat\u00e9ria prima\u2019, comentou Telma Rossafa que tamb\u00e9m esteve presente na capacita\u00e7\u00e3o\u201d.<\/p>\n<p style=\"text-align: justify;\">O representante da Empresa Mitiga\u00e7\u00e3o Kleber Augusto Nunes dos Santos tamb\u00e9m participou da do treinamento.<\/p>\n<p style=\"text-align: justify;\">\n<\/div>\n<div class=\"marginBottom30px link-Internas\" style=\"text-align: justify;\">ASSECOM\/PMCR<\/div>\n","protected":false},"excerpt":{"rendered":"<p>A administra\u00e7\u00e3o Municipal por meio da Secretaria de Agricultura e Desenvolvimento e a empresa Mitiga\u00e7\u00e3o Engenharia LTDA ofereceram na \u00faltima sexta-feira, 10 de julho de 2015, aos trabalhadores da empresa Coopercori \u2013 Cooperativa de Catadores de Lixo de Costa Rica \u2013 MS e os funcion\u00e1rios da Congeo &#8211; Constru\u00e7\u00e3o e Com\u00e9rcio Ltda &#8211; que faz [&hellip;]<\/p>\n","protected":false},"author":4,"featured_media":5558,"comment_status":"closed","ping_status":"closed","sticky":false,"template":"","format":"standard","meta":{"footnotes":""},"categories":[25],"tags":[],"class_list":["post-5557","post","type-post","status-publish","format-standard","has-post-thumbnail","hentry","category-costa-rica"],"_links":{"self":[{"href":"https:\/\/www.ocorreionews.com.br\/acervo-correio\/index.php?rest_route=\/wp\/v2\/posts\/5557","targetHints":{"allow":["GET"]}}],"collection":[{"href":"https:\/\/www.ocorreionews.com.br\/acervo-correio\/index.php?rest_route=\/wp\/v2\/posts"}],"about":[{"href":"https:\/\/www.ocorreionews.com.br\/acervo-correio\/index.php?rest_route=\/wp\/v2\/types\/post"}],"author":[{"embeddable":true,"href":"https:\/\/www.ocorreionews.com.br\/acervo-correio\/index.php?rest_route=\/wp\/v2\/users\/4"}],"replies":[{"embeddable":true,"href":"https:\/\/www.ocorreionews.com.br\/acervo-correio\/index.php?rest_route=%2Fwp%2Fv2%2Fcomments&post=5557"}],"version-history":[{"count":0,"href":"https:\/\/www.ocorreionews.com.br\/acervo-correio\/index.php?rest_route=\/wp\/v2\/posts\/5557\/revisions"}],"wp:featuredmedia":[{"embeddable":true,"href":"https:\/\/www.ocorreionews.com.br\/acervo-correio\/index.php?rest_route=\/wp\/v2\/media\/5558"}],"wp:attachment":[{"href":"https:\/\/www.ocorreionews.com.br\/acervo-correio\/index.php?rest_route=%2Fwp%2Fv2%2Fmedia&parent=5557"}],"wp:term":[{"taxonomy":"category","embeddable":true,"href":"https:\/\/www.ocorreionews.com.br\/acervo-correio\/index.php?rest_route=%2Fwp%2Fv2%2Fcategories&post=5557"},{"taxonomy":"post_tag","embeddable":true,"href":"https:\/\/www.ocorreionews.com.br\/acervo-correio\/index.php?rest_route=%2Fwp%2Fv2%2Ftags&post=5557"}],"curies":[{"name":"wp","href":"https:\/\/api.w.org\/{rel}","templated":true}]}}