{"id":5563,"date":"2015-07-16T13:32:32","date_gmt":"2015-07-16T17:32:32","guid":{"rendered":"https:\/\/ocorreionews.com.br\/?p=5563"},"modified":"2015-07-16T13:32:32","modified_gmt":"2015-07-16T17:32:32","slug":"caminhao-com-bebidas-perde-freio-e-cai-em-ribanceira","status":"publish","type":"post","link":"https:\/\/www.ocorreionews.com.br\/acervo-correio\/?p=5563","title":{"rendered":"Caminh\u00e3o com bebidas perde freio e cai em ribanceira"},"content":{"rendered":"<p>O motorista de um caminh\u00e3o carregado de bebidas perdeu o controle da dire\u00e7\u00e3o e o ve\u00edculo caiu em uma ribanceira, na Serra de Maracaju, em uma das margens da BR-060, em Nioaque. O fato aconteceu na tarde desta quarta-feira (15).<\/p>\n<p>Segundo informa\u00e7\u00f5es do Nioaque Fotos, o motorista seguia em dire\u00e7\u00e3o a cidade de Bela Vista (MS) onde faria entrega de mercadoria, quando o caminh\u00e3o perdeu o freio e o condutor n\u00e3o conseguiu mais controlar a dire\u00e7\u00e3o do ve\u00edculo. O caminh\u00e3o ent\u00e3o caiu em uma ribanceira.<\/p>\n<p>O motorista e o ajudante, que tamb\u00e9m ocupava o ve\u00edculo, foram socorridos e encaminhados para o pronto socorro do Hospital de Nioaque. Uma das v\u00edtimas chegou a ficar presa nas ferragens, mas os ferimentos n\u00e3o foram graves.<\/p>\n<p>&nbsp;<\/p>\n<p><a href=\"https:\/\/ocorreionews.com.br\/wp-content\/uploads\/2015\/07\/caminhaonaserrademaracaju1.jpg\"><img loading=\"lazy\" decoding=\"async\" class=\"alignnone  wp-image-5565\" src=\"https:\/\/ocorreionews.com.br\/wp-content\/uploads\/2015\/07\/caminhaonaserrademaracaju1.jpg\" alt=\"caminhaonaserrademaracaju1\" width=\"700\" height=\"393\" srcset=\"https:\/\/www.ocorreionews.com.br\/acervo-correio\/wp-content\/uploads\/2015\/07\/caminhaonaserrademaracaju1.jpg 1296w, https:\/\/www.ocorreionews.com.br\/acervo-correio\/wp-content\/uploads\/2015\/07\/caminhaonaserrademaracaju1-300x169.jpg 300w, https:\/\/www.ocorreionews.com.br\/acervo-correio\/wp-content\/uploads\/2015\/07\/caminhaonaserrademaracaju1-1024x575.jpg 1024w\" sizes=\"auto, (max-width: 700px) 100vw, 700px\" \/><\/a> <a href=\"https:\/\/ocorreionews.com.br\/wp-content\/uploads\/2015\/07\/caminhaonaserrademaracaju2.jpg\"><img loading=\"lazy\" decoding=\"async\" class=\"alignnone  wp-image-5566\" src=\"https:\/\/ocorreionews.com.br\/wp-content\/uploads\/2015\/07\/caminhaonaserrademaracaju2.jpg\" alt=\"caminhaonaserrademaracaju2\" width=\"700\" height=\"394\" srcset=\"https:\/\/www.ocorreionews.com.br\/acervo-correio\/wp-content\/uploads\/2015\/07\/caminhaonaserrademaracaju2.jpg 1296w, https:\/\/www.ocorreionews.com.br\/acervo-correio\/wp-content\/uploads\/2015\/07\/caminhaonaserrademaracaju2-300x169.jpg 300w, https:\/\/www.ocorreionews.com.br\/acervo-correio\/wp-content\/uploads\/2015\/07\/caminhaonaserrademaracaju2-1024x575.jpg 1024w\" sizes=\"auto, (max-width: 700px) 100vw, 700px\" \/><\/a><\/p>\n<p><em><strong>Fonte: Correio do Estado &#8211;\u00a0<big>Foto: Nioaque Fotos<\/big><\/strong><\/em><\/p>\n","protected":false},"excerpt":{"rendered":"<p>O motorista de um caminh\u00e3o carregado de bebidas perdeu o controle da dire\u00e7\u00e3o e o ve\u00edculo caiu em uma ribanceira, na Serra de Maracaju, em uma das margens da BR-060, em Nioaque. O fato aconteceu na tarde desta quarta-feira (15). Segundo informa\u00e7\u00f5es do Nioaque Fotos, o motorista seguia em dire\u00e7\u00e3o a cidade de Bela Vista [&hellip;]<\/p>\n","protected":false},"author":4,"featured_media":5564,"comment_status":"closed","ping_status":"closed","sticky":false,"template":"","format":"standard","meta":{"footnotes":""},"categories":[38],"tags":[],"class_list":["post-5563","post","type-post","status-publish","format-standard","has-post-thumbnail","hentry","category-policia"],"_links":{"self":[{"href":"https:\/\/www.ocorreionews.com.br\/acervo-correio\/index.php?rest_route=\/wp\/v2\/posts\/5563","targetHints":{"allow":["GET"]}}],"collection":[{"href":"https:\/\/www.ocorreionews.com.br\/acervo-correio\/index.php?rest_route=\/wp\/v2\/posts"}],"about":[{"href":"https:\/\/www.ocorreionews.com.br\/acervo-correio\/index.php?rest_route=\/wp\/v2\/types\/post"}],"author":[{"embeddable":true,"href":"https:\/\/www.ocorreionews.com.br\/acervo-correio\/index.php?rest_route=\/wp\/v2\/users\/4"}],"replies":[{"embeddable":true,"href":"https:\/\/www.ocorreionews.com.br\/acervo-correio\/index.php?rest_route=%2Fwp%2Fv2%2Fcomments&post=5563"}],"version-history":[{"count":0,"href":"https:\/\/www.ocorreionews.com.br\/acervo-correio\/index.php?rest_route=\/wp\/v2\/posts\/5563\/revisions"}],"wp:featuredmedia":[{"embeddable":true,"href":"https:\/\/www.ocorreionews.com.br\/acervo-correio\/index.php?rest_route=\/wp\/v2\/media\/5564"}],"wp:attachment":[{"href":"https:\/\/www.ocorreionews.com.br\/acervo-correio\/index.php?rest_route=%2Fwp%2Fv2%2Fmedia&parent=5563"}],"wp:term":[{"taxonomy":"category","embeddable":true,"href":"https:\/\/www.ocorreionews.com.br\/acervo-correio\/index.php?rest_route=%2Fwp%2Fv2%2Fcategories&post=5563"},{"taxonomy":"post_tag","embeddable":true,"href":"https:\/\/www.ocorreionews.com.br\/acervo-correio\/index.php?rest_route=%2Fwp%2Fv2%2Ftags&post=5563"}],"curies":[{"name":"wp","href":"https:\/\/api.w.org\/{rel}","templated":true}]}}