{"id":5568,"date":"2015-07-16T13:48:14","date_gmt":"2015-07-16T17:48:14","guid":{"rendered":"https:\/\/ocorreionews.com.br\/?p=5568"},"modified":"2015-07-16T13:48:14","modified_gmt":"2015-07-16T17:48:14","slug":"irmao-de-rapaz-que-zombou-da-pm-sem-viaturas-e-preso","status":"publish","type":"post","link":"https:\/\/www.ocorreionews.com.br\/acervo-correio\/?p=5568","title":{"rendered":"Irm\u00e3o de rapaz que zombou da PM sem viaturas \u00e9 preso"},"content":{"rendered":"<p style=\"text-align: justify;\">Isaac Rodrigues dos Santos, 19 anos, foi flagrado com maconha, na casa onde morava na Rua Bartolomeu Mitre, no Jardim Noroeste, ontem (15), em opera\u00e7\u00e3o da Delegacia de Repress\u00e3o ao Narcotr\u00e1fico (Denar). Este poderia ser mais um caso de pris\u00e3o de traficante, se n\u00e3o fosse a repercuss\u00e3o que um irm\u00e3o dele gerou no m\u00eas passado.<\/p>\n<p style=\"text-align: justify;\"><a href=\"https:\/\/ocorreionews.com.br\/wp-content\/uploads\/2015\/07\/face-lucivan.jpg\"><img loading=\"lazy\" decoding=\"async\" class=\"  wp-image-5569 alignleft\" src=\"https:\/\/ocorreionews.com.br\/wp-content\/uploads\/2015\/07\/face-lucivan.jpg\" alt=\"face lucivan\" width=\"330\" height=\"516\" \/><\/a>Segundo o delegado respons\u00e1vel pela investiga\u00e7\u00e3o, Jo\u00e3o Paulo Sartori, o preso \u00e9 irm\u00e3o de um <a href=\"http:\/\/www.correiodoestado.com.br\/cidades\/pm-procura-jovem-que-ameacou-policiais-na-internet\/250776\/\" target=\"_self\"><strong>rapaz que provocou revolta no meio policial campo-grandense, no final de junho, em publica\u00e7\u00e3o no facebook em que zombou de policiais militares que estavam sem viatura para trabalhos de repress\u00e3o \u00a0a crime.<\/strong><\/a><\/p>\n<p style=\"text-align: justify;\">Sartori explicou que equipe de investigadores tinham ido em buscas do jovem a fim de que ele prestasse esclarecimentos sobre a postagem, pois, desde a publica\u00e7\u00e3o\u00a0n\u00e3o foi localizado. No entanto, ao inv\u00e9s dele, encontraram Isaac com entorpecente. \u201cEstava com meio quilo de maconha e foi preso em flagrante\u201d, pontuou a autoridade.<\/p>\n<p style=\"text-align: justify;\">Isaac ?\u00a0responder\u00e1 por tr\u00e1fico de drogas e\u00a0permanece, provis\u00f3riamente, em uma cela da Denar \u00e0 disposi\u00e7\u00e3o da Justi\u00e7a.<\/p>\n<p style=\"text-align: justify;\">\n","protected":false},"excerpt":{"rendered":"<p>Isaac Rodrigues dos Santos, 19 anos, foi flagrado com maconha, na casa onde morava na Rua Bartolomeu Mitre, no Jardim Noroeste, ontem (15), em opera\u00e7\u00e3o da Delegacia de Repress\u00e3o ao Narcotr\u00e1fico (Denar). Este poderia ser mais um caso de pris\u00e3o de traficante, se n\u00e3o fosse a repercuss\u00e3o que um irm\u00e3o dele gerou no m\u00eas passado. [&hellip;]<\/p>\n","protected":false},"author":4,"featured_media":5570,"comment_status":"closed","ping_status":"closed","sticky":false,"template":"","format":"standard","meta":{"footnotes":""},"categories":[38],"tags":[],"class_list":["post-5568","post","type-post","status-publish","format-standard","has-post-thumbnail","hentry","category-policia"],"_links":{"self":[{"href":"https:\/\/www.ocorreionews.com.br\/acervo-correio\/index.php?rest_route=\/wp\/v2\/posts\/5568","targetHints":{"allow":["GET"]}}],"collection":[{"href":"https:\/\/www.ocorreionews.com.br\/acervo-correio\/index.php?rest_route=\/wp\/v2\/posts"}],"about":[{"href":"https:\/\/www.ocorreionews.com.br\/acervo-correio\/index.php?rest_route=\/wp\/v2\/types\/post"}],"author":[{"embeddable":true,"href":"https:\/\/www.ocorreionews.com.br\/acervo-correio\/index.php?rest_route=\/wp\/v2\/users\/4"}],"replies":[{"embeddable":true,"href":"https:\/\/www.ocorreionews.com.br\/acervo-correio\/index.php?rest_route=%2Fwp%2Fv2%2Fcomments&post=5568"}],"version-history":[{"count":0,"href":"https:\/\/www.ocorreionews.com.br\/acervo-correio\/index.php?rest_route=\/wp\/v2\/posts\/5568\/revisions"}],"wp:featuredmedia":[{"embeddable":true,"href":"https:\/\/www.ocorreionews.com.br\/acervo-correio\/index.php?rest_route=\/wp\/v2\/media\/5570"}],"wp:attachment":[{"href":"https:\/\/www.ocorreionews.com.br\/acervo-correio\/index.php?rest_route=%2Fwp%2Fv2%2Fmedia&parent=5568"}],"wp:term":[{"taxonomy":"category","embeddable":true,"href":"https:\/\/www.ocorreionews.com.br\/acervo-correio\/index.php?rest_route=%2Fwp%2Fv2%2Fcategories&post=5568"},{"taxonomy":"post_tag","embeddable":true,"href":"https:\/\/www.ocorreionews.com.br\/acervo-correio\/index.php?rest_route=%2Fwp%2Fv2%2Ftags&post=5568"}],"curies":[{"name":"wp","href":"https:\/\/api.w.org\/{rel}","templated":true}]}}