{"id":5575,"date":"2015-07-16T15:11:53","date_gmt":"2015-07-16T19:11:53","guid":{"rendered":"https:\/\/ocorreionews.com.br\/?p=5575"},"modified":"2015-07-16T15:11:53","modified_gmt":"2015-07-16T19:11:53","slug":"nesta-sexta-tem-audiencia-publica-do-plano-diretor-participativo","status":"publish","type":"post","link":"https:\/\/www.ocorreionews.com.br\/acervo-correio\/?p=5575","title":{"rendered":"Nesta sexta tem Audi\u00eancia Publica do Plano Diretor Participativo"},"content":{"rendered":"<p style=\"text-align: justify;\">O Prefeito Ivan da Cruz Pereira convida a todos para Audi\u00eancia P\u00fablica, onde ser\u00e1 discutido e aprovada a minuta de projeto de lei do Plano Diretor Participativo de Para\u00edso das \u00c1guas.<\/p>\n<p style=\"text-align: justify;\">A Audi\u00eancia P\u00fablica ser\u00e1 realizada no dia 17 de julho de 2015, \u00e1s 10:00 hs, nas depend\u00eancias da C\u00e2mara Municipal de Vereadores, na Av. Manoel Rodrigues da Cruz n\u00ba 353.<\/p>\n<p style=\"text-align: justify;\">A coordena\u00e7\u00e3o da Audi\u00eancia P\u00fablica Ficar\u00e1 a cargo da Coordena\u00e7\u00e3o Municipal de Elabora\u00e7\u00e3o do Plano Diretor Participativo \u2013 PDP do\u00a0 Munic\u00edpio de Para\u00edso das \u00c1guas, de que trata o Decreto n\u00ba 104, de 14 de Julho de 2014.<\/p>\n<p style=\"text-align: justify;\">Participe e d\u00ea sua contribui\u00e7\u00e3o nas a\u00e7\u00f5es administrativas de seu munic\u00edpio.<\/p>\n<p style=\"text-align: justify;\">\n<p style=\"text-align: justify;\">\n<p style=\"text-align: justify;\">ASSECON \u2013 Prefeitura Municipal de Para\u00edso das \u00c1guas \u2013 MS.<\/p>\n","protected":false},"excerpt":{"rendered":"<p>O Prefeito Ivan da Cruz Pereira convida a todos para Audi\u00eancia P\u00fablica, onde ser\u00e1 discutido e aprovada a minuta de projeto de lei do Plano Diretor Participativo de Para\u00edso das \u00c1guas. A Audi\u00eancia P\u00fablica ser\u00e1 realizada no dia 17 de julho de 2015, \u00e1s 10:00 hs, nas depend\u00eancias da C\u00e2mara Municipal de Vereadores, na Av. [&hellip;]<\/p>\n","protected":false},"author":4,"featured_media":877,"comment_status":"closed","ping_status":"closed","sticky":false,"template":"","format":"standard","meta":{"footnotes":""},"categories":[36],"tags":[],"class_list":["post-5575","post","type-post","status-publish","format-standard","has-post-thumbnail","hentry","category-paraiso-das-aguas"],"_links":{"self":[{"href":"https:\/\/www.ocorreionews.com.br\/acervo-correio\/index.php?rest_route=\/wp\/v2\/posts\/5575","targetHints":{"allow":["GET"]}}],"collection":[{"href":"https:\/\/www.ocorreionews.com.br\/acervo-correio\/index.php?rest_route=\/wp\/v2\/posts"}],"about":[{"href":"https:\/\/www.ocorreionews.com.br\/acervo-correio\/index.php?rest_route=\/wp\/v2\/types\/post"}],"author":[{"embeddable":true,"href":"https:\/\/www.ocorreionews.com.br\/acervo-correio\/index.php?rest_route=\/wp\/v2\/users\/4"}],"replies":[{"embeddable":true,"href":"https:\/\/www.ocorreionews.com.br\/acervo-correio\/index.php?rest_route=%2Fwp%2Fv2%2Fcomments&post=5575"}],"version-history":[{"count":0,"href":"https:\/\/www.ocorreionews.com.br\/acervo-correio\/index.php?rest_route=\/wp\/v2\/posts\/5575\/revisions"}],"wp:featuredmedia":[{"embeddable":true,"href":"https:\/\/www.ocorreionews.com.br\/acervo-correio\/index.php?rest_route=\/wp\/v2\/media\/877"}],"wp:attachment":[{"href":"https:\/\/www.ocorreionews.com.br\/acervo-correio\/index.php?rest_route=%2Fwp%2Fv2%2Fmedia&parent=5575"}],"wp:term":[{"taxonomy":"category","embeddable":true,"href":"https:\/\/www.ocorreionews.com.br\/acervo-correio\/index.php?rest_route=%2Fwp%2Fv2%2Fcategories&post=5575"},{"taxonomy":"post_tag","embeddable":true,"href":"https:\/\/www.ocorreionews.com.br\/acervo-correio\/index.php?rest_route=%2Fwp%2Fv2%2Ftags&post=5575"}],"curies":[{"name":"wp","href":"https:\/\/api.w.org\/{rel}","templated":true}]}}