{"id":5577,"date":"2015-07-16T15:19:45","date_gmt":"2015-07-16T19:19:45","guid":{"rendered":"https:\/\/ocorreionews.com.br\/?p=5577"},"modified":"2015-07-16T15:19:45","modified_gmt":"2015-07-16T19:19:45","slug":"dr-quaranta-comentou-a-situacao-da-saude-no-pais","status":"publish","type":"post","link":"https:\/\/www.ocorreionews.com.br\/acervo-correio\/?p=5577","title":{"rendered":"Dr. Quaranta comentou a situa\u00e7\u00e3o da sa\u00fade no pa\u00eds"},"content":{"rendered":"<div class=\"ultimas_noticias-content-left\" style=\"text-align: justify;\">Dr. Quaranta em suas palavras comentou sobre uma emenda parlamentar do Deputado Luiz Henrique Mandetta no valor de 500 mil reais que ser\u00e1 destinada a pavimenta\u00e7\u00e3o asf\u00e1ltica, segundo o vereador esta \u00e9 a segunda emenda do deputado, sendo que a primeira foi aplicada em melhorias na sa\u00fade e esporte.<\/div>\n<div class=\"ultimas_noticias-content-right\">\n<p style=\"text-align: justify;\">\n<p style=\"text-align: justify;\">O vereador aproveitou para parabenizar o Professor Martin Palomares pela realiza\u00e7\u00e3o do Festival O Vinil de Ouro, segundo ele, o evento foi um sucesso e honrou os 16 mil reais devolvidos pela c\u00e2mara para a realiza\u00e7\u00e3o do evento.<\/p>\n<p style=\"text-align: justify;\">\n<p style=\"text-align: justify;\">Dr. Quaranta aproveitou para justificar o voto contr\u00e1rio \u00e0 abertura da Comiss\u00e3o Processante, segundo ele, seu posicionamento seria favor\u00e1vel a abertura de uma CPI, por\u00e9m foi informado n\u00e3o ser poss\u00edvel a abertura da mesma em fun\u00e7\u00e3o do Tribunal de Justi\u00e7a j\u00e1 estar investigando o caso. Al\u00e9m disso o vereador citou que acredita que n\u00e3o houve m\u00e1 f\u00e9 do prefeito e da administra\u00e7\u00e3o municipal no processo licitat\u00f3rio citado. O vereador afirmou que a empresa que n\u00e3o foi convidada, na \u00e9poca n\u00e3o possu\u00eda documenta\u00e7\u00e3o necess\u00e1ria para o processo licitat\u00f3rio.<\/p>\n<p style=\"text-align: justify;\">\n<p style=\"text-align: justify;\">Sobre a sa\u00fade p\u00fablica, o vereador afirmou que est\u00e1 um caos no pa\u00eds todo, mas que agora, encabe\u00e7ado pelo Deputado Mandetta, est\u00e1 sendo realizado um estudo para melhoria imediata na sa\u00fade, inclusive por meio da carreira de m\u00e9dico de estado, o que segundo ele vai somar muito aos munic\u00edpios, disponibilizando especialistas no pa\u00eds todo.<\/p>\n<p style=\"text-align: justify;\">\n<p style=\"text-align: justify;\">Encerrou convidando a popula\u00e7\u00e3o para participar do FEGAMS que ser\u00e1 realizado de 16 a 19 deste m\u00eas em S\u00e3o Gabriel D\u2019Oeste.<\/p>\n<\/div>\n<p style=\"text-align: justify;\">\n<p style=\"text-align: justify;\"><label><i>Assessoria: <\/i><\/label>C\u00e2mara Municipal<\/p>\n","protected":false},"excerpt":{"rendered":"<p>Dr. Quaranta em suas palavras comentou sobre uma emenda parlamentar do Deputado Luiz Henrique Mandetta no valor de 500 mil reais que ser\u00e1 destinada a pavimenta\u00e7\u00e3o asf\u00e1ltica, segundo o vereador esta \u00e9 a segunda emenda do deputado, sendo que a primeira foi aplicada em melhorias na sa\u00fade e esporte. O vereador aproveitou para parabenizar o [&hellip;]<\/p>\n","protected":false},"author":4,"featured_media":5578,"comment_status":"closed","ping_status":"closed","sticky":false,"template":"","format":"standard","meta":{"footnotes":""},"categories":[20],"tags":[],"class_list":["post-5577","post","type-post","status-publish","format-standard","has-post-thumbnail","hentry","category-camara-municipal"],"_links":{"self":[{"href":"https:\/\/www.ocorreionews.com.br\/acervo-correio\/index.php?rest_route=\/wp\/v2\/posts\/5577","targetHints":{"allow":["GET"]}}],"collection":[{"href":"https:\/\/www.ocorreionews.com.br\/acervo-correio\/index.php?rest_route=\/wp\/v2\/posts"}],"about":[{"href":"https:\/\/www.ocorreionews.com.br\/acervo-correio\/index.php?rest_route=\/wp\/v2\/types\/post"}],"author":[{"embeddable":true,"href":"https:\/\/www.ocorreionews.com.br\/acervo-correio\/index.php?rest_route=\/wp\/v2\/users\/4"}],"replies":[{"embeddable":true,"href":"https:\/\/www.ocorreionews.com.br\/acervo-correio\/index.php?rest_route=%2Fwp%2Fv2%2Fcomments&post=5577"}],"version-history":[{"count":0,"href":"https:\/\/www.ocorreionews.com.br\/acervo-correio\/index.php?rest_route=\/wp\/v2\/posts\/5577\/revisions"}],"wp:featuredmedia":[{"embeddable":true,"href":"https:\/\/www.ocorreionews.com.br\/acervo-correio\/index.php?rest_route=\/wp\/v2\/media\/5578"}],"wp:attachment":[{"href":"https:\/\/www.ocorreionews.com.br\/acervo-correio\/index.php?rest_route=%2Fwp%2Fv2%2Fmedia&parent=5577"}],"wp:term":[{"taxonomy":"category","embeddable":true,"href":"https:\/\/www.ocorreionews.com.br\/acervo-correio\/index.php?rest_route=%2Fwp%2Fv2%2Fcategories&post=5577"},{"taxonomy":"post_tag","embeddable":true,"href":"https:\/\/www.ocorreionews.com.br\/acervo-correio\/index.php?rest_route=%2Fwp%2Fv2%2Ftags&post=5577"}],"curies":[{"name":"wp","href":"https:\/\/api.w.org\/{rel}","templated":true}]}}