{"id":5580,"date":"2015-07-16T15:24:14","date_gmt":"2015-07-16T19:24:14","guid":{"rendered":"https:\/\/ocorreionews.com.br\/?p=5580"},"modified":"2015-07-16T15:24:14","modified_gmt":"2015-07-16T19:24:14","slug":"prainha-repudiou-atos-de-vandalismo-no-municipio","status":"publish","type":"post","link":"https:\/\/www.ocorreionews.com.br\/acervo-correio\/?p=5580","title":{"rendered":"Prainha repudiou atos de vandalismo no munic\u00edpio"},"content":{"rendered":"<p style=\"text-align: justify;\">Prainha lamentou os atos de vandalismo que vem sendo feitos no t\u00fanel de travessia da rodovia em frente a rua Bronze, segundo o vereador, no local foram instalados cavaletes de prote\u00e7\u00e3o para assegurar a passagem apenas de pedestres para evitar acidentes, por\u00e9m os cavaletes est\u00e3o sendo destru\u00eddos por v\u00e2ndalos, e isso onera custos aos cofres p\u00fablicos.<\/p>\n<div class=\"ultimas_noticias-content-right\">\n<p style=\"text-align: justify;\">\n<p style=\"text-align: justify;\">Para o vereador, os atos devem ser investigados pela pol\u00edcia, pois \u00e9 a terceira vez que acontece. Prainha salientou que as pessoas est\u00e3o depredando o patrim\u00f4nio p\u00fablico, deixando uma situa\u00e7\u00e3o ruim ao munic\u00edpio, exemplo disso \u00e9 o banheiro da pra\u00e7a de eventos, que hoje est\u00e1 com v\u00e1rias pias quebradas por a\u00e7\u00e3o de v\u00e2ndalos.<\/p>\n<p style=\"text-align: justify;\">\n<p style=\"text-align: justify;\">Sobre ilumina\u00e7\u00e3o p\u00fablica, o vereador comentou que tem recebido liga\u00e7\u00f5es de algumas pessoas, falando sobre v\u00e1rias l\u00e2mpadas queimadas nos postes, Prainha citou que estes casos devem ser informados ao DEMUTRAN pelo telefone 67 3562 6656, que imediatamente aciona a empresa respons\u00e1vel pela manuten\u00e7\u00e3o da ilumina\u00e7\u00e3o p\u00fablica.<\/p>\n<p style=\"text-align: justify;\">\n<p style=\"text-align: justify;\">Finalizou parabenizando o Professor Martin Palomares pela realiza\u00e7\u00e3o do Festival O Vinil de Ouro, que segundo ele apresentou um n\u00edvel t\u00e9cnico alt\u00edssimo dos participantes.<\/p>\n<\/div>\n<p style=\"text-align: justify;\">\n<p style=\"text-align: justify;\">Assessoria C\u00e2mara<\/p>\n","protected":false},"excerpt":{"rendered":"<p>Prainha lamentou os atos de vandalismo que vem sendo feitos no t\u00fanel de travessia da rodovia em frente a rua Bronze, segundo o vereador, no local foram instalados cavaletes de prote\u00e7\u00e3o para assegurar a passagem apenas de pedestres para evitar acidentes, por\u00e9m os cavaletes est\u00e3o sendo destru\u00eddos por v\u00e2ndalos, e isso onera custos aos cofres [&hellip;]<\/p>\n","protected":false},"author":4,"featured_media":5581,"comment_status":"closed","ping_status":"closed","sticky":false,"template":"","format":"standard","meta":{"footnotes":""},"categories":[20],"tags":[],"class_list":["post-5580","post","type-post","status-publish","format-standard","has-post-thumbnail","hentry","category-camara-municipal"],"_links":{"self":[{"href":"https:\/\/www.ocorreionews.com.br\/acervo-correio\/index.php?rest_route=\/wp\/v2\/posts\/5580","targetHints":{"allow":["GET"]}}],"collection":[{"href":"https:\/\/www.ocorreionews.com.br\/acervo-correio\/index.php?rest_route=\/wp\/v2\/posts"}],"about":[{"href":"https:\/\/www.ocorreionews.com.br\/acervo-correio\/index.php?rest_route=\/wp\/v2\/types\/post"}],"author":[{"embeddable":true,"href":"https:\/\/www.ocorreionews.com.br\/acervo-correio\/index.php?rest_route=\/wp\/v2\/users\/4"}],"replies":[{"embeddable":true,"href":"https:\/\/www.ocorreionews.com.br\/acervo-correio\/index.php?rest_route=%2Fwp%2Fv2%2Fcomments&post=5580"}],"version-history":[{"count":0,"href":"https:\/\/www.ocorreionews.com.br\/acervo-correio\/index.php?rest_route=\/wp\/v2\/posts\/5580\/revisions"}],"wp:featuredmedia":[{"embeddable":true,"href":"https:\/\/www.ocorreionews.com.br\/acervo-correio\/index.php?rest_route=\/wp\/v2\/media\/5581"}],"wp:attachment":[{"href":"https:\/\/www.ocorreionews.com.br\/acervo-correio\/index.php?rest_route=%2Fwp%2Fv2%2Fmedia&parent=5580"}],"wp:term":[{"taxonomy":"category","embeddable":true,"href":"https:\/\/www.ocorreionews.com.br\/acervo-correio\/index.php?rest_route=%2Fwp%2Fv2%2Fcategories&post=5580"},{"taxonomy":"post_tag","embeddable":true,"href":"https:\/\/www.ocorreionews.com.br\/acervo-correio\/index.php?rest_route=%2Fwp%2Fv2%2Ftags&post=5580"}],"curies":[{"name":"wp","href":"https:\/\/api.w.org\/{rel}","templated":true}]}}