{"id":5583,"date":"2015-07-16T15:29:41","date_gmt":"2015-07-16T19:29:41","guid":{"rendered":"https:\/\/ocorreionews.com.br\/?p=5583"},"modified":"2015-07-16T15:29:41","modified_gmt":"2015-07-16T19:29:41","slug":"ilton-comentou-suas-acoes-como-vereador","status":"publish","type":"post","link":"https:\/\/www.ocorreionews.com.br\/acervo-correio\/?p=5583","title":{"rendered":"Ilton comentou suas a\u00e7\u00f5es como vereador"},"content":{"rendered":"<div class=\"ultimas_noticias-content-right\">\n<p style=\"text-align: justify;\">Podendo n\u00e3o retornar suas atividades ap\u00f3s o recesso, Ilton Henrichsen comentou sobre sua postura e suas a\u00e7\u00f5es enquanto assumiu o cargo de vereador na c\u00e2mara, segundo ele, fez tudo o que estava ao seu alcance, e reivindicou v\u00e1rias melhorias, quest\u00f5es na sa\u00fade, estacionamentos na \u00e1rea urbana, emendas com deputados, sempre procurando o bem da popula\u00e7\u00e3o.<\/p>\n<p style=\"text-align: justify;\">\n<p style=\"text-align: justify;\">Ilton que sempre cobrou intensamente as melhorias nas estradas rurais e a readequa\u00e7\u00e3o no tr\u00e2nsito do munic\u00edpio, disse que agora o projeto vai sair do papel e est\u00e1 contente em ter contribu\u00eddo para isso. O vereador citou tamb\u00e9m o projeto de lei para recolhimento dos c\u00e3es de rua.<\/p>\n<p style=\"text-align: justify;\">\n<p style=\"text-align: justify;\">O vereador, que j\u00e1 havia sido vereador em outra legislatura, enfatizou que foi um per\u00edodo bom e que cada mandato tem suas caracter\u00edsticas, e acredita que neste manteve outro perfil, sempre preocupado em unir executivo e legislativo a fim de conseguir melhorias ao munic\u00edpio.<\/p>\n<p style=\"text-align: justify;\">\n<p style=\"text-align: justify;\">Citou inclusive que houveram muitas diverg\u00eancias de id\u00e9ias, uma vez que cada um pensa da forma que acha melhor para o munic\u00edpio. Segundo ele, nunca deixou de fazer cr\u00edticas ao executivo mas sempre buscando e exigindo solu\u00e7\u00f5es para os problemas.<\/p>\n<p style=\"text-align: justify;\">\n<p style=\"text-align: justify;\">Ilton se disse com a consci\u00eancia tranquila, pois tem a certeza de que fez tudo o que podia e fez a sua parte de maneira pac\u00edfica, o vereador enfatizou que sua fun\u00e7\u00e3o \u00e9 contribuir para o munic\u00edpio e assim o fez.<\/p>\n<p style=\"text-align: justify;\">\n<p style=\"text-align: justify;\">Encerrou suas palavras agradecendo a todos que o apoiaram em suas atitudes na c\u00e2mara, e como j\u00e1 citou em outra sess\u00e3o, veio de uma fam\u00edlia tradicional e tem um nome a zelar, por isso sempre trabalhou de forma honesta e pelo bem da cidade.<\/p>\n<\/div>\n<p style=\"text-align: justify;\">\n<p style=\"text-align: justify;\">\n<p style=\"text-align: justify;\"><span class=\"content-news\"><label><i>Assessoria: <\/i><\/label>C\u00e2mara Municipal<\/span><\/p>\n","protected":false},"excerpt":{"rendered":"<p>Podendo n\u00e3o retornar suas atividades ap\u00f3s o recesso, Ilton Henrichsen comentou sobre sua postura e suas a\u00e7\u00f5es enquanto assumiu o cargo de vereador na c\u00e2mara, segundo ele, fez tudo o que estava ao seu alcance, e reivindicou v\u00e1rias melhorias, quest\u00f5es na sa\u00fade, estacionamentos na \u00e1rea urbana, emendas com deputados, sempre procurando o bem da popula\u00e7\u00e3o. [&hellip;]<\/p>\n","protected":false},"author":4,"featured_media":5584,"comment_status":"closed","ping_status":"closed","sticky":false,"template":"","format":"standard","meta":{"footnotes":""},"categories":[20],"tags":[],"class_list":["post-5583","post","type-post","status-publish","format-standard","has-post-thumbnail","hentry","category-camara-municipal"],"_links":{"self":[{"href":"https:\/\/www.ocorreionews.com.br\/acervo-correio\/index.php?rest_route=\/wp\/v2\/posts\/5583","targetHints":{"allow":["GET"]}}],"collection":[{"href":"https:\/\/www.ocorreionews.com.br\/acervo-correio\/index.php?rest_route=\/wp\/v2\/posts"}],"about":[{"href":"https:\/\/www.ocorreionews.com.br\/acervo-correio\/index.php?rest_route=\/wp\/v2\/types\/post"}],"author":[{"embeddable":true,"href":"https:\/\/www.ocorreionews.com.br\/acervo-correio\/index.php?rest_route=\/wp\/v2\/users\/4"}],"replies":[{"embeddable":true,"href":"https:\/\/www.ocorreionews.com.br\/acervo-correio\/index.php?rest_route=%2Fwp%2Fv2%2Fcomments&post=5583"}],"version-history":[{"count":0,"href":"https:\/\/www.ocorreionews.com.br\/acervo-correio\/index.php?rest_route=\/wp\/v2\/posts\/5583\/revisions"}],"wp:featuredmedia":[{"embeddable":true,"href":"https:\/\/www.ocorreionews.com.br\/acervo-correio\/index.php?rest_route=\/wp\/v2\/media\/5584"}],"wp:attachment":[{"href":"https:\/\/www.ocorreionews.com.br\/acervo-correio\/index.php?rest_route=%2Fwp%2Fv2%2Fmedia&parent=5583"}],"wp:term":[{"taxonomy":"category","embeddable":true,"href":"https:\/\/www.ocorreionews.com.br\/acervo-correio\/index.php?rest_route=%2Fwp%2Fv2%2Fcategories&post=5583"},{"taxonomy":"post_tag","embeddable":true,"href":"https:\/\/www.ocorreionews.com.br\/acervo-correio\/index.php?rest_route=%2Fwp%2Fv2%2Ftags&post=5583"}],"curies":[{"name":"wp","href":"https:\/\/api.w.org\/{rel}","templated":true}]}}