{"id":5586,"date":"2015-07-16T15:34:18","date_gmt":"2015-07-16T19:34:18","guid":{"rendered":"https:\/\/ocorreionews.com.br\/?p=5586"},"modified":"2015-07-16T15:34:44","modified_gmt":"2015-07-16T19:34:44","slug":"sonia-maran-aponta-erros-no-plano-municipal-de-educacao-e-chamou-atencao-para-escola-do-centro","status":"publish","type":"post","link":"https:\/\/www.ocorreionews.com.br\/acervo-correio\/?p=5586","title":{"rendered":"Sonia Maran aponta erros no Plano Municipal de Educa\u00e7\u00e3o e chamou aten\u00e7\u00e3o para escola do centro"},"content":{"rendered":"<div class=\"ultimas_noticias-content-left\" style=\"text-align: justify;\"><\/div>\n<div class=\"ultimas_noticias-content-right\" style=\"text-align: justify;\">\n<p>S\u00f4nia Maran iniciou seu pronunciamento informando que a primeira parcela de R$ 65.500,00 que dever\u00e1 ser repassada ao Conselho de Seguran\u00e7a para implanta\u00e7\u00e3o do GOTTI j\u00e1 foi depositada na conta da prefeitura pelo legislativo, faltando somente a prefeitura fazer o repasse ao conselho. S\u00f4nia justificou a demora pelo atraso do executivo em encaminhar o projeto de lei.<\/p>\n<p>&nbsp;<\/p>\n<p>A vereadora ressaltou que j\u00e1 informou as pol\u00edcias civil e militar e o conselho de seguran\u00e7a sobre o dep\u00f3sito ao executivo, \u00a0informou ainda que todas as parcelas restantes ser\u00e3o depositadas ordinariamente toda segunda feira ap\u00f3s o dia 20.<\/p>\n<p>&nbsp;<\/p>\n<p>S\u00f4nia parabenizou o Professor Martin Palomares pela realiza\u00e7\u00e3o do Festival O Vinil de Ouro, que segundo ela foi maravilhoso, podendo apenas ter contado com mais divulga\u00e7\u00e3o, uma vez que nem mesmo a r\u00e1dio local divulgou o evento, mesmo a prefeitura tendo espa\u00e7o.<\/p>\n<p>&nbsp;<\/p>\n<p>Sobre a Escola Carlos Drummond de Andrade, a vereadora questionou o abandono da fachada da escola, onde a grama do local foi toda retirada e nem mesmo a placa foi recolocada, segundo a vereadora, aquela escola encontra-se na \u00e1rea central da cidade e nas condi\u00e7\u00f5es em que se encontra est\u00e1 muito feio ao munic\u00edpio, que sempre teve suas escolas como cart\u00e3o postal.<\/p>\n<p>&nbsp;<\/p>\n<p>A vereadora aproveitou para comentar tamb\u00e9m sobre o Plano Municipal de Educa\u00e7\u00e3o, onde em uma entrevista o Prefeito Dr. Felipe sugeriu que o plano est\u00e1 atrasado em fun\u00e7\u00e3o dos vereadores, ou mais especificamente pela Presidente do Legislativo. S\u00f4nia enfatizou que o projeto adentrou a casa de leis apenas uma semana antes do prazo limite, n\u00e3o sendo poss\u00edvel a an\u00e1lise do plano neste prazo t\u00e3o curto.<\/p>\n<p>&nbsp;<\/p>\n<p>No entanto, S\u00f4nia apontou alguns erros contidos no plano, que segundo ela podem causar problemas ao munic\u00edpio, um deles \u00e9 que uma das metas prev\u00ea que at\u00e9 2016 o atendimento a educa\u00e7\u00e3o infantil ser\u00e1 zerado, por\u00e9m a LDO (Lei de Diretrizes Or\u00e7ament\u00e1rias) n\u00e3o prev\u00ea a constru\u00e7\u00e3o de nenhuma escola para que se chegue nesta meta.<\/p>\n<p>&nbsp;<\/p>\n<p>Outro erro foi a meta de se formar 60 mil mestres em dez anos, meta imposs\u00edvel de ser alcan\u00e7ada, uma vez que a cidade possui apenas 20 mil habitantes e nem todos s\u00e3o professores. Citando que estes s\u00e3o apenas alguns dos erros contidos no plano, a vereadora sugeriu que o projeto seja retirado da c\u00e2mara, corrigido e encaminhado novamente.<\/p>\n<p>S\u00f4nia comentou tamb\u00e9m o pronunciamento do vereador Ilton o qual apontou algumas cidade vizinhas onde os vereadores caminham junto com o prefeito, segundo ela, os procedimentos adotados pelos prefeitos nestas cidades s\u00e3o outros, os vereadores s\u00e3o atendidos de forma r\u00e1pida e eficaz, o que n\u00e3o acontece em Chapad\u00e3o do Sul.<\/p>\n<p>&nbsp;<\/p>\n<p>A vereadora se mostrou indignada com a postagem do Prefeito Municipal em uma rede social, onde coloca a sa\u00fade como excelente, por\u00e9m, todos os dias in\u00fameras reclama\u00e7\u00f5es, cr\u00edticas e pedidos de ajuda chegam at\u00e9 a c\u00e2mara.<\/p>\n<p>&nbsp;<\/p>\n<p>Finalizou falando sobre a limpeza, fez uma observa\u00e7\u00e3o referente a uma licita\u00e7\u00e3o de transporte de galhadas e entulhos at\u00e9 o munic\u00edpio de Tr\u00eas Lagoas, no valor aproximado de 1 milh\u00e3o de reais pelo per\u00edodo de seis meses. A vereadora ressaltou que com estes valores, ser\u00e3o gastos cerca de R$ 5.500,00 por dia com este transporte, o que equivale a aproximadamente 4 carretas de entulhos por dia, sendo levadas at\u00e9 Tr\u00eas Lagoas.<\/p>\n<\/div>\n<p style=\"text-align: justify;\">\n<p style=\"text-align: justify;\"><span class=\"content-news\"><label><i>Assessoria: <\/i><\/label>C\u00e2mara Municipal<\/span><\/p>\n","protected":false},"excerpt":{"rendered":"<p>S\u00f4nia Maran iniciou seu pronunciamento informando que a primeira parcela de R$ 65.500,00 que dever\u00e1 ser repassada ao Conselho de Seguran\u00e7a para implanta\u00e7\u00e3o do GOTTI j\u00e1 foi depositada na conta da prefeitura pelo legislativo, faltando somente a prefeitura fazer o repasse ao conselho. S\u00f4nia justificou a demora pelo atraso do executivo em encaminhar o projeto [&hellip;]<\/p>\n","protected":false},"author":4,"featured_media":5588,"comment_status":"closed","ping_status":"closed","sticky":false,"template":"","format":"standard","meta":{"footnotes":""},"categories":[20],"tags":[],"class_list":["post-5586","post","type-post","status-publish","format-standard","has-post-thumbnail","hentry","category-camara-municipal"],"_links":{"self":[{"href":"https:\/\/www.ocorreionews.com.br\/acervo-correio\/index.php?rest_route=\/wp\/v2\/posts\/5586","targetHints":{"allow":["GET"]}}],"collection":[{"href":"https:\/\/www.ocorreionews.com.br\/acervo-correio\/index.php?rest_route=\/wp\/v2\/posts"}],"about":[{"href":"https:\/\/www.ocorreionews.com.br\/acervo-correio\/index.php?rest_route=\/wp\/v2\/types\/post"}],"author":[{"embeddable":true,"href":"https:\/\/www.ocorreionews.com.br\/acervo-correio\/index.php?rest_route=\/wp\/v2\/users\/4"}],"replies":[{"embeddable":true,"href":"https:\/\/www.ocorreionews.com.br\/acervo-correio\/index.php?rest_route=%2Fwp%2Fv2%2Fcomments&post=5586"}],"version-history":[{"count":0,"href":"https:\/\/www.ocorreionews.com.br\/acervo-correio\/index.php?rest_route=\/wp\/v2\/posts\/5586\/revisions"}],"wp:featuredmedia":[{"embeddable":true,"href":"https:\/\/www.ocorreionews.com.br\/acervo-correio\/index.php?rest_route=\/wp\/v2\/media\/5588"}],"wp:attachment":[{"href":"https:\/\/www.ocorreionews.com.br\/acervo-correio\/index.php?rest_route=%2Fwp%2Fv2%2Fmedia&parent=5586"}],"wp:term":[{"taxonomy":"category","embeddable":true,"href":"https:\/\/www.ocorreionews.com.br\/acervo-correio\/index.php?rest_route=%2Fwp%2Fv2%2Fcategories&post=5586"},{"taxonomy":"post_tag","embeddable":true,"href":"https:\/\/www.ocorreionews.com.br\/acervo-correio\/index.php?rest_route=%2Fwp%2Fv2%2Ftags&post=5586"}],"curies":[{"name":"wp","href":"https:\/\/api.w.org\/{rel}","templated":true}]}}