{"id":5598,"date":"2015-07-16T23:19:30","date_gmt":"2015-07-17T03:19:30","guid":{"rendered":"https:\/\/ocorreionews.com.br\/?p=5598"},"modified":"2015-07-18T04:59:19","modified_gmt":"2015-07-18T08:59:19","slug":"julio-martins-e-esposa-sofrem-acidente-na-ms-306-mas-passam-bem","status":"publish","type":"post","link":"https:\/\/www.ocorreionews.com.br\/acervo-correio\/?p=5598","title":{"rendered":"Julio Martins e esposa sofrem acidente na MS 306 mas passam bem"},"content":{"rendered":"<p style=\"text-align: justify;\">Na noite desta quinta-feira, 16 de julho, \u00e0s 20h30 o Comendador, Fundador e Colonizador de Chapad\u00e3o do Sul, J\u00falio Alves Martins, sua esposa, Zilda Martins e uma funcion\u00e1ria dom\u00e9stica sofreram um grave acidente automobil\u00edstico na MS-306, Km 88.<\/p>\n<p style=\"text-align: justify;\">Ocorreu o acidente na entrada da Fazenda da fam\u00edlia, na margem da MS-306. Ocorreu uma colis\u00e3o entre o carro que J\u00falio Martins dirigia, uma BMW-X-3 e uma carreta, carregada com soja, dirigida por Gean Rodrigo Enzweiler, 31 anos.<\/p>\n<p style=\"text-align: justify;\">. Apesar da gravidade, J\u00falio Martins sofreu um corte na m\u00e3o, com hemorragia, D. Zilda e a empregada reclamavam de dores no ombro. Os tr\u00eas foram conduzidos para o Pronto Socorro do Hospital Municipal de Chapad\u00e3o do Sul, para exames.<\/p>\n<p style=\"text-align: justify;\">J\u00e1 o motorista da carreta ficou no local com pequeno sangramento pelo nariz. Ele estava consciente e orientado. Ap\u00f3s cuidar de seus pertences foi levado por uma viatura da Pol\u00edcia Militar para o Pronto Socorro.<\/p>\n<p style=\"text-align: justify;\">Ap\u00f3s a colis\u00e3o, a carreta saiu da pista e abalroou em uma arvore grande e seus galhos arrancaram a cabine do cavalo mec\u00e2nico. A carreta estava carregada com soja e parte da carga derramou no local.<\/p>\n<p style=\"text-align: justify;\">A Pol\u00edcia Militar esteve no local e coordenou o tr\u00e2nsito, at\u00e9 a chegada de um caminh\u00e3o guincho que tirou a BMW que ficou sobre a pista.<\/p>\n<p style=\"text-align: justify;\">Segundo o Gean, o motorista da carreta, trafegava atr\u00e1s de um colega e J\u00falio Martins aguardava no acostamento. Ocorre que quando o colega passou por J\u00falio Martins, este entrou na pista, para acessar a entrada de sua fazenda, quando houve a colis\u00e3o.<\/p>\n<p><a href=\"http:\/\/www.jovemsulnews.com.br\/wp-content\/uploads\/2015\/07\/ACIDENTE-COM-JULIO-MARTINS-04.jpg\"><img loading=\"lazy\" decoding=\"async\" class=\"wp-image-166192 size-medium\" src=\"http:\/\/www.jovemsulnews.com.br\/wp-content\/uploads\/2015\/07\/ACIDENTE-COM-JULIO-MARTINS-04-300x199.jpg\" alt=\"Destru\u00edda, a cabine foi arrancada do chassi\" width=\"300\" height=\"199\" \/><\/a><\/p>\n<p><a href=\"http:\/\/www.jovemsulnews.com.br\/wp-content\/uploads\/2015\/07\/ACIDENTE-COM-JULIO-MARTINS-02.jpg\"><img loading=\"lazy\" decoding=\"async\" class=\"wp-image-166191 size-medium\" src=\"http:\/\/www.jovemsulnews.com.br\/wp-content\/uploads\/2015\/07\/ACIDENTE-COM-JULIO-MARTINS-02-300x199.jpg\" alt=\"Com o impacto na \u00e1rvore a cabine da carreta foi arrancada do chassi\" width=\"300\" height=\"199\" \/><\/a><\/p>\n<p><a href=\"http:\/\/www.jovemsulnews.com.br\/wp-content\/uploads\/2015\/07\/ACIDENTE-COM-JULIO-MARTINS-03.jpg\"><img loading=\"lazy\" decoding=\"async\" class=\"wp-image-166193 size-medium\" src=\"http:\/\/www.jovemsulnews.com.br\/wp-content\/uploads\/2015\/07\/ACIDENTE-COM-JULIO-MARTINS-03-300x199.jpg\" alt=\"Motorista foi conduzido para o Pronto Socorro pela Pol\u00edcia Militar\" width=\"300\" height=\"199\" \/><\/a><\/p>\n<p style=\"text-align: justify;\"><em>Fonte: Jovemsulnews <\/em><\/p>\n","protected":false},"excerpt":{"rendered":"<p>Na noite desta quinta-feira, 16 de julho, \u00e0s 20h30 o Comendador, Fundador e Colonizador de Chapad\u00e3o do Sul, J\u00falio Alves Martins, sua esposa, Zilda Martins e uma funcion\u00e1ria dom\u00e9stica sofreram um grave acidente automobil\u00edstico na MS-306, Km 88. Ocorreu o acidente na entrada da Fazenda da fam\u00edlia, na margem da MS-306. Ocorreu uma colis\u00e3o entre [&hellip;]<\/p>\n","protected":false},"author":4,"featured_media":5599,"comment_status":"closed","ping_status":"closed","sticky":false,"template":"","format":"standard","meta":{"footnotes":""},"categories":[23,38],"tags":[],"class_list":["post-5598","post","type-post","status-publish","format-standard","has-post-thumbnail","hentry","category-chapadao-do-sul","category-policia"],"_links":{"self":[{"href":"https:\/\/www.ocorreionews.com.br\/acervo-correio\/index.php?rest_route=\/wp\/v2\/posts\/5598","targetHints":{"allow":["GET"]}}],"collection":[{"href":"https:\/\/www.ocorreionews.com.br\/acervo-correio\/index.php?rest_route=\/wp\/v2\/posts"}],"about":[{"href":"https:\/\/www.ocorreionews.com.br\/acervo-correio\/index.php?rest_route=\/wp\/v2\/types\/post"}],"author":[{"embeddable":true,"href":"https:\/\/www.ocorreionews.com.br\/acervo-correio\/index.php?rest_route=\/wp\/v2\/users\/4"}],"replies":[{"embeddable":true,"href":"https:\/\/www.ocorreionews.com.br\/acervo-correio\/index.php?rest_route=%2Fwp%2Fv2%2Fcomments&post=5598"}],"version-history":[{"count":0,"href":"https:\/\/www.ocorreionews.com.br\/acervo-correio\/index.php?rest_route=\/wp\/v2\/posts\/5598\/revisions"}],"wp:featuredmedia":[{"embeddable":true,"href":"https:\/\/www.ocorreionews.com.br\/acervo-correio\/index.php?rest_route=\/wp\/v2\/media\/5599"}],"wp:attachment":[{"href":"https:\/\/www.ocorreionews.com.br\/acervo-correio\/index.php?rest_route=%2Fwp%2Fv2%2Fmedia&parent=5598"}],"wp:term":[{"taxonomy":"category","embeddable":true,"href":"https:\/\/www.ocorreionews.com.br\/acervo-correio\/index.php?rest_route=%2Fwp%2Fv2%2Fcategories&post=5598"},{"taxonomy":"post_tag","embeddable":true,"href":"https:\/\/www.ocorreionews.com.br\/acervo-correio\/index.php?rest_route=%2Fwp%2Fv2%2Ftags&post=5598"}],"curies":[{"name":"wp","href":"https:\/\/api.w.org\/{rel}","templated":true}]}}