{"id":5648,"date":"2015-07-16T23:50:23","date_gmt":"2015-07-17T03:50:23","guid":{"rendered":"https:\/\/ocorreionews.com.br\/?p=5648"},"modified":"2015-07-16T23:50:23","modified_gmt":"2015-07-17T03:50:23","slug":"missa-crioula-e-integracao-das-culturas-sul-matogrossense-e-sulina-na-abertura-do-fegams","status":"publish","type":"post","link":"https:\/\/www.ocorreionews.com.br\/acervo-correio\/?p=5648","title":{"rendered":"Missa Crioula e integra\u00e7\u00e3o das culturas sul-matogrossense e sulina na abertura do FEGAMS"},"content":{"rendered":"<p style=\"text-align: justify;\">Ocorreu na noite desta quinta-feira 16, a abertura do 26\u00ba FEGAMS, na cidade de S\u00e3o Gabriel do Oeste.<\/p>\n<p style=\"text-align: justify;\">A abertura ocorreu com a realiza\u00e7\u00e3o da Missa Crioula e na sequ\u00eancia a abertura oficial do FEGAMS, com a presen\u00e7a de v\u00e1rias autoridades, patr\u00f5es de CTG\u2019s e do Secret\u00e1rio de Cultura do MS, Athaides Neris. Durante a missa o patr\u00e3o do CTG \u2013 Cultivando a Tradi\u00e7\u00e3o, de Chapad\u00e3o do Sul, Ant\u00f4nio Assun\u00e7\u00e3o e sua esposa, foram homenageados pela comemora\u00e7\u00e3o dos 32 anos de casamento.<\/p>\n<p style=\"text-align: justify;\"><span style=\"color: #0000ff;\"><strong><a href=\"https:\/\/ocorreionews.com.br\/2015\/07\/16\/abertura-do-fegams\/\">VEJA AS FOTOS<\/a><\/strong><\/span><\/p>\n<p style=\"text-align: justify;\">O CTG- Chama crioula, fez a abertura com uma tert\u00falia livre, mostrando a integra\u00e7\u00e3o das culturas sul-matogrossense e a sulina, com a apresenta\u00e7\u00e3o de cantores misturando os dois ritmos e apresenta\u00e7\u00e3o de dan\u00e7as no estilo ga\u00facho e mato-grossense.<\/p>\n<p style=\"text-align: justify;\">Ap\u00f3s a abertura teve in\u00edcio a competi\u00e7\u00e3o do canto individual, juvenil, adultos e conjunto vocal.<\/p>\n","protected":false},"excerpt":{"rendered":"<p>Ocorreu na noite desta quinta-feira 16, a abertura do 26\u00ba FEGAMS, na cidade de S\u00e3o Gabriel do Oeste. A abertura ocorreu com a realiza\u00e7\u00e3o da Missa Crioula e na sequ\u00eancia a abertura oficial do FEGAMS, com a presen\u00e7a de v\u00e1rias autoridades, patr\u00f5es de CTG\u2019s e do Secret\u00e1rio de Cultura do MS, Athaides Neris. Durante a [&hellip;]<\/p>\n","protected":false},"author":4,"featured_media":5629,"comment_status":"closed","ping_status":"closed","sticky":false,"template":"","format":"standard","meta":{"footnotes":""},"categories":[23,27],"tags":[],"class_list":["post-5648","post","type-post","status-publish","format-standard","has-post-thumbnail","hentry","category-chapadao-do-sul","category-educacao"],"_links":{"self":[{"href":"https:\/\/www.ocorreionews.com.br\/acervo-correio\/index.php?rest_route=\/wp\/v2\/posts\/5648","targetHints":{"allow":["GET"]}}],"collection":[{"href":"https:\/\/www.ocorreionews.com.br\/acervo-correio\/index.php?rest_route=\/wp\/v2\/posts"}],"about":[{"href":"https:\/\/www.ocorreionews.com.br\/acervo-correio\/index.php?rest_route=\/wp\/v2\/types\/post"}],"author":[{"embeddable":true,"href":"https:\/\/www.ocorreionews.com.br\/acervo-correio\/index.php?rest_route=\/wp\/v2\/users\/4"}],"replies":[{"embeddable":true,"href":"https:\/\/www.ocorreionews.com.br\/acervo-correio\/index.php?rest_route=%2Fwp%2Fv2%2Fcomments&post=5648"}],"version-history":[{"count":0,"href":"https:\/\/www.ocorreionews.com.br\/acervo-correio\/index.php?rest_route=\/wp\/v2\/posts\/5648\/revisions"}],"wp:featuredmedia":[{"embeddable":true,"href":"https:\/\/www.ocorreionews.com.br\/acervo-correio\/index.php?rest_route=\/wp\/v2\/media\/5629"}],"wp:attachment":[{"href":"https:\/\/www.ocorreionews.com.br\/acervo-correio\/index.php?rest_route=%2Fwp%2Fv2%2Fmedia&parent=5648"}],"wp:term":[{"taxonomy":"category","embeddable":true,"href":"https:\/\/www.ocorreionews.com.br\/acervo-correio\/index.php?rest_route=%2Fwp%2Fv2%2Fcategories&post=5648"},{"taxonomy":"post_tag","embeddable":true,"href":"https:\/\/www.ocorreionews.com.br\/acervo-correio\/index.php?rest_route=%2Fwp%2Fv2%2Ftags&post=5648"}],"curies":[{"name":"wp","href":"https:\/\/api.w.org\/{rel}","templated":true}]}}