{"id":593,"date":"2015-04-30T16:00:53","date_gmt":"2015-04-30T20:00:53","guid":{"rendered":"https:\/\/ocorreionews.com.br\/?p=593"},"modified":"2018-08-20T22:33:49","modified_gmt":"2018-08-21T02:33:49","slug":"casa-e-incendiada-por-ex-marido-em-costa-rica","status":"publish","type":"post","link":"https:\/\/www.ocorreionews.com.br\/acervo-correio\/?p=593","title":{"rendered":"Casa \u00e9 incendiada por ex-marido, em Costa Rica"},"content":{"rendered":"<p style=\"text-align: justify;\">Na tarde desta quarta-feira (29) por volta das 15h, uma casa localizada na Rua Santa Catarina, n. 74, Bairro Sonho Meu 05 foi incendiada criminalmente.<\/p>\n<p style=\"text-align: justify;\">O suspeito do crime \u00e9 o ex-marido da moradora da resid\u00eancia, Marlene Vidal Cavalete, 44 anos, que perdeu sua casa com todos os seus pertences e n\u00e3o tem para onde ir, e est\u00e1 abrigada na casa de amigos. A casa foi praticamente tomada pelas chamas o corpo de bombeiros da cidade de Costa Rica que \u00e9 comandado pelo Capit\u00e3o Aldinei esteve no local e conteve o fogo, mas o estrago j\u00e1 tinha sido muito grande.<\/p>\n<p style=\"text-align: justify;\">Uma testemunha que n\u00e3o quis se identificar viu quando Sandro Jos\u00e9 Alves dos Santos, 33 anos, pulou o murou e adentrou o quintal da casa da v\u00edtima e logo o fogo come\u00e7ou.<\/p>\n<p style=\"text-align: justify;\">O casal morou junto por um per\u00edodo de quatorze anos, mas como apanhava muito do companheiro resolveu se separara e h\u00e1 oito meses estavam em processo de separa\u00e7\u00e3o e o acusado queria parte da resid\u00eancia, e conforme relato da v\u00edtima o acusado queria vinte mil pela casa e vinha fazendo amea\u00e7as a v\u00edtima h\u00e1 muito tempo, e inclusive j\u00e1 tinha registrado boletim de ocorr\u00eancia contra o acusado.<\/p>\n<p style=\"text-align: justify;\">Antes de colocar fogo o acusado ligou para a v\u00edtima\u00a0 v\u00e1rias vezes e\u00a0 disse que iria at\u00e9 a casa e que iria incendiar a casa.<\/p>\n<p style=\"text-align: justify;\">No momento do crime a v\u00edtima e o filho n\u00e3o estavam em casa, estavam trabalhando. A mulher ficou abalada quando soube que tinha perdido tudo e precisou de atendimento m\u00e9dico.<\/p>\n<p style=\"text-align: justify;\">A pol\u00edcia civil e militar tentam localizar o acusado dos fatos.<\/p>\n<p style=\"text-align: justify;\">\n<p style=\"text-align: justify;\">Fonte:\u00a0E<span class=\"itemAuthor\">u Conto Tudo <\/span><\/p>\n","protected":false},"excerpt":{"rendered":"<p>Na tarde desta quarta-feira (29) por volta das 15h, uma casa localizada na Rua Santa Catarina, n. 74, Bairro Sonho Meu 05 foi incendiada criminalmente. O suspeito do crime \u00e9 o ex-marido da moradora da resid\u00eancia, Marlene Vidal Cavalete, 44 anos, que perdeu sua casa com todos os seus pertences e n\u00e3o tem para onde [&hellip;]<\/p>\n","protected":false},"author":4,"featured_media":594,"comment_status":"closed","ping_status":"closed","sticky":false,"template":"","format":"standard","meta":{"footnotes":""},"categories":[25,38],"tags":[],"class_list":["post-593","post","type-post","status-publish","format-standard","has-post-thumbnail","hentry","category-costa-rica","category-policia"],"_links":{"self":[{"href":"https:\/\/www.ocorreionews.com.br\/acervo-correio\/index.php?rest_route=\/wp\/v2\/posts\/593","targetHints":{"allow":["GET"]}}],"collection":[{"href":"https:\/\/www.ocorreionews.com.br\/acervo-correio\/index.php?rest_route=\/wp\/v2\/posts"}],"about":[{"href":"https:\/\/www.ocorreionews.com.br\/acervo-correio\/index.php?rest_route=\/wp\/v2\/types\/post"}],"author":[{"embeddable":true,"href":"https:\/\/www.ocorreionews.com.br\/acervo-correio\/index.php?rest_route=\/wp\/v2\/users\/4"}],"replies":[{"embeddable":true,"href":"https:\/\/www.ocorreionews.com.br\/acervo-correio\/index.php?rest_route=%2Fwp%2Fv2%2Fcomments&post=593"}],"version-history":[{"count":0,"href":"https:\/\/www.ocorreionews.com.br\/acervo-correio\/index.php?rest_route=\/wp\/v2\/posts\/593\/revisions"}],"wp:featuredmedia":[{"embeddable":true,"href":"https:\/\/www.ocorreionews.com.br\/acervo-correio\/index.php?rest_route=\/wp\/v2\/media\/594"}],"wp:attachment":[{"href":"https:\/\/www.ocorreionews.com.br\/acervo-correio\/index.php?rest_route=%2Fwp%2Fv2%2Fmedia&parent=593"}],"wp:term":[{"taxonomy":"category","embeddable":true,"href":"https:\/\/www.ocorreionews.com.br\/acervo-correio\/index.php?rest_route=%2Fwp%2Fv2%2Fcategories&post=593"},{"taxonomy":"post_tag","embeddable":true,"href":"https:\/\/www.ocorreionews.com.br\/acervo-correio\/index.php?rest_route=%2Fwp%2Fv2%2Ftags&post=593"}],"curies":[{"name":"wp","href":"https:\/\/api.w.org\/{rel}","templated":true}]}}