{"id":596,"date":"2015-04-30T16:03:36","date_gmt":"2015-04-30T20:03:36","guid":{"rendered":"https:\/\/ocorreionews.com.br\/?p=596"},"modified":"2018-08-20T22:33:49","modified_gmt":"2018-08-21T02:33:49","slug":"prefeito-ivan-xixi-discute-com-diretoria-da-energisa-aumento-na-conta-de-energia-da-populacao","status":"publish","type":"post","link":"https:\/\/www.ocorreionews.com.br\/acervo-correio\/?p=596","title":{"rendered":"Prefeito Ivan Xixi discute com diretoria da Energisa aumento na conta de energia da popula\u00e7\u00e3o"},"content":{"rendered":"<div style=\"text-align: justify;\"><span style=\"font-family: helvetica;\">Na manh\u00e3 do \u00faltimo dia 27, em Campo Grande (MS), o prefeito Ivan da Cruz Pereira, o Xixi (PMDB), esteve reunido com o diretor t\u00e9cnico e comercial da empresa Energisa, \u00a0Marcelo Vinhais Monteiro e com o gerente comercial, Erc\u00edlio Diniz Flores.<\/span><\/div>\n<div style=\"text-align: justify;\"><\/div>\n<div style=\"text-align: justify;\"><span style=\"font-family: helvetica;\">O objetivo da reuni\u00e3o foi a busca de informa\u00e7\u00e3o diretamente a empresa respons\u00e1vel pelo fornecimento de energia el\u00e9trica no munic\u00edpio de Para\u00edso das \u00c1guas, a Energisa, quanto as causas do alto aumento nos valores das contas de energia el\u00e9trica dos moradores de Para\u00edso das \u00c1guas, que este m\u00eas de abril, alguns consumidores tiveram aumento de mais de 50% na conta do m\u00eas de abril. Ivan acompanhado do secret\u00e1rio de administra\u00e7\u00e3o e finan\u00e7as e chefe de gabinete, Ildo Furtado de Oliveira, apresentou algumas contas de energia, comparando o alto aumento de um m\u00eas para o outro.<\/span><\/div>\n<div style=\"text-align: justify;\"><\/div>\n<div style=\"text-align: justify;\"><span style=\"font-family: helvetica;\">A Justificativa da Energisa \u00e9 que devido \u00e0 alguns ajustes denominada rota tarif\u00e1rio, que est\u00e1 sendo realizada em todo o Estado e se trata de uma exig\u00eancia da ANEEL \u2013 Ag\u00eancia Nacional de Energia El\u00e9trica El\u00e9trica. \u201cIsto J\u00e1 ocorreu na regi\u00e3o sul do Estado e agora est\u00e1 ocorrendo na regi\u00e3o Norte\u201d, afirmaram os t\u00e9cnicos.\u00a0<\/span><\/div>\n<div style=\"text-align: justify;\"><\/div>\n<div style=\"text-align: justify;\"><span style=\"font-family: helvetica;\">Tamb\u00e9m a leitura foram realizadas ap\u00f3s 39 dias, sendo uma das causas dos valores substancial das contas.\u00a0<\/span><\/div>\n<div style=\"text-align: justify;\"><span style=\"font-family: helvetica;\">Os diretores t\u00e9cnicos informaram ainda, que os consumidores que tiverem dificuldades de efetuarem o pagamento, poder\u00e3o se dirigir aos postos de atendimento dos Correios e Tel\u00e9grafos, onde o d\u00e9bito poder\u00e1 ser parcelado.\u00a0<\/span><\/div>\n<div style=\"text-align: justify;\"><\/div>\n<div style=\"text-align: justify;\"><span style=\"font-family: helvetica;\">A Energisa informou que os usu\u00e1rios devem ficar atentos \u00e0 Bandeira Tarif\u00e1ria que est\u00e1 indicativa na fatura do m\u00eas.\u00a0<\/span><\/div>\n<div>\n<div style=\"text-align: justify;\"><span style=\"font-family: helvetica;\"><b>BANDEIRAS TARIF\u00c1RIAS<\/b><\/span><\/div>\n<div style=\"text-align: justify;\"><span style=\"font-family: helvetica;\">\u00a0<\/span><\/div>\n<div style=\"text-align: justify;\"><span style=\"font-family: helvetica;\">A partir de 2015, as contas de energia trazem uma novidade: o Sistema de Bandeiras Tarif\u00e1rias. \u00a0As bandeiras verde, amarela e vermelha indicar\u00e3o se a energia custar\u00e1 mais ou menos, em fun\u00e7\u00e3o das condi\u00e7\u00f5es de gera\u00e7\u00e3o de eletricidade.<\/span><\/div>\n<div style=\"text-align: justify;\"><span style=\"font-family: helvetica;\">Para facilitar a compreens\u00e3o das bandeiras tarif\u00e1rias, 2013 e 2014 foram Anos Testes.<\/span><\/div>\n<div style=\"text-align: justify;\"><span style=\"font-family: helvetica;\">As distribuidoras divulgar\u00e3o, na conta de energia, a simula\u00e7\u00e3o da aplica\u00e7\u00e3o das bandeiras de sua regi\u00e3o. \u00a0<\/span><\/div>\n<div style=\"text-align: justify;\"><span style=\"font-family: helvetica;\">\u00a0<\/span><\/div>\n<div style=\"text-align: justify;\"><span style=\"font-family: helvetica;\">O sistema possui tr\u00eas bandeiras: verde, amarela e vermelha \u2013 as mesmas cores dos sem\u00e1foros &#8211; e indicam o seguinte:<\/span><\/div>\n<div style=\"text-align: justify;\"><span style=\"font-family: helvetica;\"><b>Bandeira verde: <\/b>condi\u00e7\u00f5es favor\u00e1veis de gera\u00e7\u00e3o de energia. A tarifa n\u00e3o sofre nenhum acr\u00e9scimo;<\/span><\/div>\n<div style=\"text-align: justify;\"><span style=\"font-family: helvetica;\"><b>Bandeira amarela:<\/b> condi\u00e7\u00f5es de gera\u00e7\u00e3o menos favor\u00e1veis. A tarifa sofre acr\u00e9scimo de R$ 0,025 para cada \u00a0quilowatt-hora (kWh) consumidos;<\/span><\/div>\n<div style=\"text-align: justify;\"><span style=\"font-family: helvetica;\"><b>Bandeira vermelha:<\/b> condi\u00e7\u00f5es mais custosas de gera\u00e7\u00e3o. A tarifa sobre acr\u00e9scimo de R$ 0,055 para cada quilowatt-hora kWh consumidos.<\/span><\/div>\n<\/div>\n<div style=\"text-align: justify;\"><\/div>\n<div style=\"text-align: justify;\">Fonte: Brito News<\/div>\n","protected":false},"excerpt":{"rendered":"<p>Na manh\u00e3 do \u00faltimo dia 27, em Campo Grande (MS), o prefeito Ivan da Cruz Pereira, o Xixi (PMDB), esteve reunido com o diretor t\u00e9cnico e comercial da empresa Energisa, \u00a0Marcelo Vinhais Monteiro e com o gerente comercial, Erc\u00edlio Diniz Flores. O objetivo da reuni\u00e3o foi a busca de informa\u00e7\u00e3o diretamente a empresa respons\u00e1vel pelo [&hellip;]<\/p>\n","protected":false},"author":4,"featured_media":597,"comment_status":"closed","ping_status":"closed","sticky":false,"template":"","format":"standard","meta":{"footnotes":""},"categories":[36],"tags":[],"class_list":["post-596","post","type-post","status-publish","format-standard","has-post-thumbnail","hentry","category-paraiso-das-aguas"],"_links":{"self":[{"href":"https:\/\/www.ocorreionews.com.br\/acervo-correio\/index.php?rest_route=\/wp\/v2\/posts\/596","targetHints":{"allow":["GET"]}}],"collection":[{"href":"https:\/\/www.ocorreionews.com.br\/acervo-correio\/index.php?rest_route=\/wp\/v2\/posts"}],"about":[{"href":"https:\/\/www.ocorreionews.com.br\/acervo-correio\/index.php?rest_route=\/wp\/v2\/types\/post"}],"author":[{"embeddable":true,"href":"https:\/\/www.ocorreionews.com.br\/acervo-correio\/index.php?rest_route=\/wp\/v2\/users\/4"}],"replies":[{"embeddable":true,"href":"https:\/\/www.ocorreionews.com.br\/acervo-correio\/index.php?rest_route=%2Fwp%2Fv2%2Fcomments&post=596"}],"version-history":[{"count":0,"href":"https:\/\/www.ocorreionews.com.br\/acervo-correio\/index.php?rest_route=\/wp\/v2\/posts\/596\/revisions"}],"wp:featuredmedia":[{"embeddable":true,"href":"https:\/\/www.ocorreionews.com.br\/acervo-correio\/index.php?rest_route=\/wp\/v2\/media\/597"}],"wp:attachment":[{"href":"https:\/\/www.ocorreionews.com.br\/acervo-correio\/index.php?rest_route=%2Fwp%2Fv2%2Fmedia&parent=596"}],"wp:term":[{"taxonomy":"category","embeddable":true,"href":"https:\/\/www.ocorreionews.com.br\/acervo-correio\/index.php?rest_route=%2Fwp%2Fv2%2Fcategories&post=596"},{"taxonomy":"post_tag","embeddable":true,"href":"https:\/\/www.ocorreionews.com.br\/acervo-correio\/index.php?rest_route=%2Fwp%2Fv2%2Ftags&post=596"}],"curies":[{"name":"wp","href":"https:\/\/api.w.org\/{rel}","templated":true}]}}