{"id":599,"date":"2015-04-30T16:07:02","date_gmt":"2015-04-30T20:07:02","guid":{"rendered":"https:\/\/ocorreionews.com.br\/?p=599"},"modified":"2018-08-20T22:33:49","modified_gmt":"2018-08-21T02:33:49","slug":"camara-municipal-deseja-a-todos-um-feliz-dia-do-trabalho","status":"publish","type":"post","link":"https:\/\/www.ocorreionews.com.br\/acervo-correio\/?p=599","title":{"rendered":"C\u00e2mara Municipal deseja a todos um feliz dia do Trabalho"},"content":{"rendered":"<div class=\"home-slides-content-right\">\n<p><span class=\"content-noticiasnews\">O trabalho \u00e9 a busca do alento, do conforto, da sobreviv\u00eancia.<\/span><\/p>\n<p><span class=\"content-noticiasnews\">Vencer obst\u00e1culos, buscar o p\u00e3o, trabalhar com alegria na divina tarefa di\u00e1ria.<\/span><\/p>\n<p><span class=\"content-noticiasnews\">Conforta, alegra e possibilita a conquista de seu espa\u00e7o. Abre portas e realiza.<\/span><\/p>\n<p><span class=\"content-noticiasnews\">Trabalhar n\u00e3o \u00e9 sacrif\u00edcio, n\u00e3o \u00e9 tortura. Pode ser algo prazeroso. Permite toda uma estrutura profissional, te fazendo brilhar. Ser um vencedor competente e alegre.<\/span><\/p>\n<p><span class=\"content-noticiasnews\">Feliz Dia do Trabalho \u00e9 o que deseja os Vereadores da C\u00e2mara Municipal de Chapad\u00e3o do Sul.<\/span><\/p>\n<\/div>\n<p>&nbsp;<\/p>\n","protected":false},"excerpt":{"rendered":"<p>O trabalho \u00e9 a busca do alento, do conforto, da sobreviv\u00eancia. Vencer obst\u00e1culos, buscar o p\u00e3o, trabalhar com alegria na divina tarefa di\u00e1ria. Conforta, alegra e possibilita a conquista de seu espa\u00e7o. Abre portas e realiza. Trabalhar n\u00e3o \u00e9 sacrif\u00edcio, n\u00e3o \u00e9 tortura. Pode ser algo prazeroso. Permite toda uma estrutura profissional, te fazendo brilhar. [&hellip;]<\/p>\n","protected":false},"author":4,"featured_media":600,"comment_status":"closed","ping_status":"closed","sticky":false,"template":"","format":"standard","meta":{"footnotes":""},"categories":[20],"tags":[],"class_list":["post-599","post","type-post","status-publish","format-standard","has-post-thumbnail","hentry","category-camara-municipal"],"_links":{"self":[{"href":"https:\/\/www.ocorreionews.com.br\/acervo-correio\/index.php?rest_route=\/wp\/v2\/posts\/599","targetHints":{"allow":["GET"]}}],"collection":[{"href":"https:\/\/www.ocorreionews.com.br\/acervo-correio\/index.php?rest_route=\/wp\/v2\/posts"}],"about":[{"href":"https:\/\/www.ocorreionews.com.br\/acervo-correio\/index.php?rest_route=\/wp\/v2\/types\/post"}],"author":[{"embeddable":true,"href":"https:\/\/www.ocorreionews.com.br\/acervo-correio\/index.php?rest_route=\/wp\/v2\/users\/4"}],"replies":[{"embeddable":true,"href":"https:\/\/www.ocorreionews.com.br\/acervo-correio\/index.php?rest_route=%2Fwp%2Fv2%2Fcomments&post=599"}],"version-history":[{"count":0,"href":"https:\/\/www.ocorreionews.com.br\/acervo-correio\/index.php?rest_route=\/wp\/v2\/posts\/599\/revisions"}],"wp:featuredmedia":[{"embeddable":true,"href":"https:\/\/www.ocorreionews.com.br\/acervo-correio\/index.php?rest_route=\/wp\/v2\/media\/600"}],"wp:attachment":[{"href":"https:\/\/www.ocorreionews.com.br\/acervo-correio\/index.php?rest_route=%2Fwp%2Fv2%2Fmedia&parent=599"}],"wp:term":[{"taxonomy":"category","embeddable":true,"href":"https:\/\/www.ocorreionews.com.br\/acervo-correio\/index.php?rest_route=%2Fwp%2Fv2%2Fcategories&post=599"},{"taxonomy":"post_tag","embeddable":true,"href":"https:\/\/www.ocorreionews.com.br\/acervo-correio\/index.php?rest_route=%2Fwp%2Fv2%2Ftags&post=599"}],"curies":[{"name":"wp","href":"https:\/\/api.w.org\/{rel}","templated":true}]}}