{"id":6022,"date":"2015-07-21T11:07:42","date_gmt":"2015-07-21T15:07:42","guid":{"rendered":"https:\/\/ocorreionews.com.br\/?p=6022"},"modified":"2015-07-21T11:07:42","modified_gmt":"2015-07-21T15:07:42","slug":"avaliacao-positiva-do-governo-dilma-cai-para-77-mostra-pesquisa","status":"publish","type":"post","link":"https:\/\/www.ocorreionews.com.br\/acervo-correio\/?p=6022","title":{"rendered":"Avalia\u00e7\u00e3o positiva do governo Dilma cai para 7,7%, mostra pesquisa"},"content":{"rendered":"<p style=\"text-align: justify;\">A avalia\u00e7\u00e3o positiva do governo Dilma Rousseff caiu para 7,7% segundo a 128\u00aa Pesquisa Confedera\u00e7\u00e3o Nacional do Transporte (CNT\/MDA), divulgada hoje (21). A avalia\u00e7\u00e3o negativa passou de 64,8%, em mar\u00e7o, para 70,9% no levantamento realizado entre os dias 12 e 16 de julho. Foram ouvidas 2.002 pessoas, em 137 munic\u00edpios.<\/p>\n<p style=\"text-align: justify;\">&#8220;A conclus\u00e3o final da pesquisa mostra uma eleva\u00e7\u00e3o do pessimismo do brasileiro em consequ\u00eancia da alta do custo de vida, do aumento da infla\u00e7\u00e3o, do crescimento do desemprego e da forte percep\u00e7\u00e3o sobre a corrup\u00e7\u00e3o e a incapacidade do governo em resolv\u00ea-la&#8221;, disse o presidente da CNT, Cl\u00e9sio Andrade.<\/p>\n<p style=\"text-align: justify;\">A \u00faltima pesquisa, divulgada em mar\u00e7o, mostrou que 10,8% das pessoas ouvidas consideraram positiva a avalia\u00e7\u00e3o do governo. Com o atual resultado, o governo teve a menor avalia\u00e7\u00e3o positiva registrada pela pesquisa desde outubro de 1999, quando o desempenho do governo do ent\u00e3o presidente Fernando Henrique Cardoso foi aprovado por 8% das pessoas.<\/p>\n<p style=\"text-align: justify;\">Durante a campanha eleitoral, 41% dos entrevistados consideraram o governo de Dilma positivo e 23,5% consideraram negativo. No levantamento feito nos dias 27 e 28 de setembro do ano passado, 35% das mais de 2 mil pessoas ouvidas avaliaram a administra\u00e7\u00e3o como regular e 0,5% dos entrevistados n\u00e3o souberam ou n\u00e3o responderam no per\u00edodo pr\u00e9 eleitoral.<\/p>\n<p style=\"text-align: justify;\"><b>Avalia\u00e7\u00e3o pessoal de Dilma Rousseff<\/b><\/p>\n<p style=\"text-align: justify;\">A avalia\u00e7\u00e3o sobre o desempenho pessoal da presidente, nesta pesquisa, tamb\u00e9m teve queda. No atual levantamento, 15,3% dos entrevistados aprovam a presidenta, enquanto 79,9% desaprovam a atua\u00e7\u00e3o de Dilma Rousseff. Apenas 4,8% das pessoas n\u00e3o souberam avaliar ou responder. Em mar\u00e7o, 18,9% dos entrevistados avaliaram positivamente e 77% avaliaram negativamente e 3,4% n\u00e3o souberam dizer ou n\u00e3o responderam.<\/p>\n<p style=\"text-align: justify;\">Segundo Andrade, a presidente tem pontos pr\u00f3s e contras que podem definir seu futuro pol\u00edtico. Entre os pontos negativos, o presidente da CNT elencou a crise econ\u00f4mica, a crise no Congresso Nacional e a dificuldade de articula\u00e7\u00e3o politica do governo. Para ele, a an\u00e1lise do Tribunal de Contas da Uni\u00e3o sobre as contas do governo pode agravar ainda mais a situa\u00e7\u00e3o. \u201cTudo isso e a falta de apoio popular que \u00e9 o mais importante mostra dificuldade de reverter o quadro\u201d, avaliou.<\/p>\n<p style=\"text-align: justify;\">Entre os favor\u00e1veis ao governo, Cl\u00e9sio Andrade apontou o apoio dos movimentos sociais e a dificuldade da oposi\u00e7\u00e3o de se unir com o objetivo de vis\u00e3o \u00fanica sobre o governo. \u201cH\u00e1 uma briga velada do PSDB sobre o futuro pol\u00edtico, sobre quem seria o candidato\u201d.<\/p>\n<p style=\"text-align: justify;\"><b>Emprego, sa\u00fade e educa\u00e7\u00e3o<\/b><\/p>\n<p style=\"text-align: justify;\">A expectativa dos entrevistados para os pr\u00f3ximos seis meses de governo mostrou que mais da metade (55,5%) acredita numa piora do cen\u00e1rio de emprego no pa\u00eds, enquanto 15% aposta em melhora e 27,5% n\u00e3o acredita em mudan\u00e7as, neste per\u00edodo. Sobre a renda mensal, mais da metade (50,2%) acredita que ficar\u00e1 nos atuais patamares.<\/p>\n<p style=\"text-align: justify;\">Apenas 13,6% dos entrevistados apostam em melhorias na \u00e1rea da sa\u00fade no pr\u00f3ximo semestre contra 47,5% que est\u00e3o pessimistas e acreditam que o setor vai piorar. Um cen\u00e1rio semelhante se repete em rela\u00e7\u00e3o \u00e0s expectativas para a educa\u00e7\u00e3o (15,1% apostam em melhora, 41% em piora e 42,1% apostam que n\u00e3o haver\u00e1 mudan\u00e7a).<\/p>\n<p style=\"text-align: justify;\"><b>Opera\u00e7\u00e3o Lava Jato<\/b><\/p>\n<p style=\"text-align: justify;\">De acordo com a CNT, dos 78,3% de entrevistados que ouviram falar das investiga\u00e7\u00f5es envolvendo a Petrobras, 69,2% consideram que a presidente \u00e9 culpada pela corrup\u00e7\u00e3o e 65% acham que o ex-presidente Luis In\u00e1cio Lula da Silva est\u00e1 envolvido no esquema. Entre os que acompanham as investiga\u00e7\u00f5es, 40,4% consideram que o maior culpado na Opera\u00e7\u00e3o Lava Jato \u00e9 o governo, seguido pelos partidos pol\u00edticos (34,4%), diretores ou funcion\u00e1rios da empresa (14,2%) e construtoras (3,5%).<\/p>\n<p style=\"text-align: justify;\">Ainda em rela\u00e7\u00e3o \u00e0 Lava Jato, os entrevistados se mostraram pessimistas sobre resultados. Pelo menos 67% das pessoas ouvidas n\u00e3o acreditam que os envolvidos ser\u00e3o punidos e por volta de 52% n\u00e3o apostam na capacidade do governo de combater a corrup\u00e7\u00e3o na estatal. A maioria (90,2%) tamb\u00e9m n\u00e3o considera que h\u00e1 exagero nas pris\u00f5es e mais da metade dos 37,3% dos entrevistados que sabem o que \u00e9 dela\u00e7\u00e3o premiada s\u00e3o favor\u00e1veis ao mecanismo. Pelo menos 86% das pessoas avaliam que as den\u00fancias prejudicam a economia do pa\u00eds.<\/p>\n<p style=\"text-align: justify;\"><b>Elei\u00e7\u00f5es 2018<\/b><\/p>\n<p style=\"text-align: justify;\">Na proje\u00e7\u00e3o do cen\u00e1rio eleitoral de 2018, o levantamento mostrou que no cen\u00e1rio de disputa entre A\u00e9cio Neves (PSDB), Lula (PT) e Marina Silva, o tucano venceria com 35,1% dos votos, seguido por Lula com 22,8% e 15,6% dos votos para Marina. Na disputa entre Lula, Marina, Geraldo Alckmin e o deputado Jair Bolsonaro, o ex-presidente venceria com 24,9% dos votos, seguido por Marina (23,1%), o atual governador de S\u00e3o Paulo (21,5%), e o parlamentar com 5,1%. Lula tamb\u00e9m venceria com 25% dos votos, se a disputa fosse com Marina Silva (23,3%), o senador Jos\u00e9 Serra (21,2%) e Jair Bolsonaro (5,5%).<\/p>\n<p style=\"text-align: justify;\">Em segundo turno, A\u00e9cio venceria com 49,6% o ex-presidente que teria 28,5%. Alckmin venceria com 39,9% dos votos, seguido por Lula (32,3%) e Jos\u00e9 Serra seria eleito com 40,3% contra 31,8% do petista.<\/p>\n<p style=\"text-align: justify;\">Dos mais de 2 mil entrevistados ouvidos pela CNT, 44,8% acreditam que se A\u00e9cio Neves tivesse vencido as \u00faltimas elei\u00e7\u00f5es, o governo estaria melhor que o da presidenta Dilma. Para 36,5% dos entrevistados o governo estaria igual e 10,9% avaliam que o governo do tucano estaria pior que o de Dilma.<\/p>\n<p style=\"text-align: justify;\"><b>Impeachment<\/b><\/p>\n<p style=\"text-align: justify;\">O percentual de pessoas favor\u00e1veis a um eventual pedido de impeachment da presidente Dilma Rousseff tamb\u00e9m aumentou. Passou para 62,8% dos entrevistados contra os 59,7% das pessoas ouvidas em mar\u00e7o, favor\u00e1veis ao impedimento. Os motivos elencados como principais para justificar o impeachment seriam irregularidades nas presta\u00e7\u00f5es de contas do governo (25%), a corrup\u00e7\u00e3o na Petrobras (14,2%), irregularidades nas contas da campanha (14,2%) e 44,6% apontaram os tr\u00eas motivos como justificativa.<\/p>\n<p style=\"text-align: justify;\">Mais da metade dos entrevistados (53,4%) consideram a corrup\u00e7\u00e3o um dos principais problemas do pa\u00eds. Para 37,1%, a corrup\u00e7\u00e3o \u00e9 o principal problema.<\/p>\n<p style=\"text-align: justify;\">\n<p style=\"text-align: justify;\">Fonte: Agencia Brasil<\/p>\n","protected":false},"excerpt":{"rendered":"<p>A avalia\u00e7\u00e3o positiva do governo Dilma Rousseff caiu para 7,7% segundo a 128\u00aa Pesquisa Confedera\u00e7\u00e3o Nacional do Transporte (CNT\/MDA), divulgada hoje (21). A avalia\u00e7\u00e3o negativa passou de 64,8%, em mar\u00e7o, para 70,9% no levantamento realizado entre os dias 12 e 16 de julho. Foram ouvidas 2.002 pessoas, em 137 munic\u00edpios. &#8220;A conclus\u00e3o final da pesquisa [&hellip;]<\/p>\n","protected":false},"author":4,"featured_media":4761,"comment_status":"closed","ping_status":"closed","sticky":false,"template":"","format":"standard","meta":{"footnotes":""},"categories":[37],"tags":[],"class_list":["post-6022","post","type-post","status-publish","format-standard","has-post-thumbnail","hentry","category-politica"],"_links":{"self":[{"href":"https:\/\/www.ocorreionews.com.br\/acervo-correio\/index.php?rest_route=\/wp\/v2\/posts\/6022","targetHints":{"allow":["GET"]}}],"collection":[{"href":"https:\/\/www.ocorreionews.com.br\/acervo-correio\/index.php?rest_route=\/wp\/v2\/posts"}],"about":[{"href":"https:\/\/www.ocorreionews.com.br\/acervo-correio\/index.php?rest_route=\/wp\/v2\/types\/post"}],"author":[{"embeddable":true,"href":"https:\/\/www.ocorreionews.com.br\/acervo-correio\/index.php?rest_route=\/wp\/v2\/users\/4"}],"replies":[{"embeddable":true,"href":"https:\/\/www.ocorreionews.com.br\/acervo-correio\/index.php?rest_route=%2Fwp%2Fv2%2Fcomments&post=6022"}],"version-history":[{"count":0,"href":"https:\/\/www.ocorreionews.com.br\/acervo-correio\/index.php?rest_route=\/wp\/v2\/posts\/6022\/revisions"}],"wp:featuredmedia":[{"embeddable":true,"href":"https:\/\/www.ocorreionews.com.br\/acervo-correio\/index.php?rest_route=\/wp\/v2\/media\/4761"}],"wp:attachment":[{"href":"https:\/\/www.ocorreionews.com.br\/acervo-correio\/index.php?rest_route=%2Fwp%2Fv2%2Fmedia&parent=6022"}],"wp:term":[{"taxonomy":"category","embeddable":true,"href":"https:\/\/www.ocorreionews.com.br\/acervo-correio\/index.php?rest_route=%2Fwp%2Fv2%2Fcategories&post=6022"},{"taxonomy":"post_tag","embeddable":true,"href":"https:\/\/www.ocorreionews.com.br\/acervo-correio\/index.php?rest_route=%2Fwp%2Fv2%2Ftags&post=6022"}],"curies":[{"name":"wp","href":"https:\/\/api.w.org\/{rel}","templated":true}]}}