{"id":6027,"date":"2015-07-21T14:18:49","date_gmt":"2015-07-21T18:18:49","guid":{"rendered":"https:\/\/ocorreionews.com.br\/?p=6027"},"modified":"2015-07-21T14:18:49","modified_gmt":"2015-07-21T18:18:49","slug":"exportacao-de-milho-cresce-80-mas-venda-de-carne-cai-40-em-ms","status":"publish","type":"post","link":"https:\/\/www.ocorreionews.com.br\/acervo-correio\/?p=6027","title":{"rendered":"Exporta\u00e7\u00e3o de milho cresce 80%, mas venda de carne cai 40% em MS"},"content":{"rendered":"<div class=\"bloco_texto_span\">\n<p style=\"text-align: justify;\">Contrariando a onda de retra\u00e7\u00e3o da balan\u00e7a comercial de Mato Grosso do Sul, cujo o deficit \u00e9 de 17%, o milho em gr\u00e3o aumentou a exporta\u00e7\u00e3o em 80%, no primeiro semestre deste ano, na compara\u00e7\u00e3o com o mesmo per\u00edodo de 2014. Segundo o Mdic (Minist\u00e9rio do Desenvolvimento, Ind\u00fastria e Com\u00e9rcio Exterior), o volume negociado com outros pa\u00edses quase dobrou e o valor passou de US$ 50,1 milh\u00f5es para US$ 90,5 milh\u00f5es, sinal de que os pre\u00e7os foram bons e reflexo do aumento de \u00e1rea plantada, que alcan\u00e7a 1,65 milh\u00e3o de hectares em MS, crescimento de 86% em cinco anos, conforme dados da Aprosoja (Associa\u00e7\u00e3o dos Produtores de Soja de Mato Grosso do Sul).<\/p>\n<figure id=\"attachment_6029\" aria-describedby=\"caption-attachment-6029\" style=\"width: 300px\" class=\"wp-caption alignright\"><a href=\"https:\/\/ocorreionews.com.br\/wp-content\/uploads\/2015\/07\/sojaa.jpg\"><img loading=\"lazy\" decoding=\"async\" class=\"wp-image-6029 size-full\" src=\"https:\/\/ocorreionews.com.br\/wp-content\/uploads\/2015\/07\/sojaa.jpg\" alt=\"sojaa\" width=\"300\" height=\"199\" \/><\/a><figcaption id=\"caption-attachment-6029\" class=\"wp-caption-text\">Sojicultores ampliaram a produ\u00e7\u00e3o, exportaram volume maior, mas receberam um montante menor pelo produto (Foto: Marcos Erm\u00ednio)<\/figcaption><\/figure>\n<p style=\"text-align: justify;\">\u00a0Os ventos n\u00e3o foram t\u00e3o bons para o mercado de soja, pois os agricultores ampliaram a produ\u00e7\u00e3o, exportaram volume maior, mas receberam um montante menor pelo produto. No \u00faltimo semestre, o valor total das exporta\u00e7\u00f5es de soja caiu 14%, passando de US$ 978,6 milh\u00f5es para US$ 839,4 milh\u00f5es, em rela\u00e7\u00e3o aos seis primeiros meses do ano passado, conforme o levantamento do Mdic.<\/p>\n<p style=\"text-align: justify;\">No entanto, percebe-se aumento na quantidade destinada a outros pa\u00edses, que foi de 1,9 milh\u00e3o de toneladas para 2,1 milh\u00f5es de toneladas. O pre\u00e7o caiu e os produtores receberam 23,2% a menos por tonelada de soja exportada, segundo o consultor de agroneg\u00f3cio, Aldo Barrigosse.<\/p>\n<p style=\"text-align: justify;\">\u201cMato Grosso do Sul embarcou 11,75 % a mais de soja em compara\u00e7\u00e3o com primeiro semestre de 2014 e recebeu 14,22% a menos. O produtor est\u00e1 vendendo pelo mesmo pre\u00e7o de anos anteriores. Sem falar que na comercializa\u00e7\u00e3o, em media 30% do valor fica na log\u00edstica, ent\u00e3o a lucratividade foi dilu\u00edda com a redu\u00e7\u00e3o no pre\u00e7o internacional\u201d, explica.<\/p>\n<p style=\"text-align: justify;\">A falta de espa\u00e7o suficiente para armazenar os gr\u00e3os tamb\u00e9m dificultou as negocia\u00e7\u00f5es. \u201cA capacidade de armazenagem em MS n\u00e3o chega a 20% da safra. O investimento em infraestrutura sempre d\u00e1 bom resultado. Se tiver armaz\u00e9m, o produtor pode vender quando tiver pre\u00e7o melhor\u201d, destaca, ao lembrar que a estocagem ajudaria, mas o tempo tamb\u00e9m n\u00e3o pode ser t\u00e3o longo, pois perde-se a qualidade do produto.<\/p>\n<p style=\"text-align: justify;\">N\u00e3o espera-se que o mercado de soja reverta a situa\u00e7\u00e3o t\u00e3o logo, conforme o especialista. \u201cA queda nos pre\u00e7os internacionais e aumento dos juros no Brasil tendem a inibir amplia\u00e7\u00f5es de \u00e1reas plantadas, mas uso de tecnologia deve ser maior, ou seja, iremos melhorar a produtividade por hectare\u201d, prev\u00ea o especialista.<\/p>\n<\/div>\n<div class=\"imagem\" style=\"text-align: justify;\"><figure style=\"width: 300px\" class=\"wp-caption alignleft\"><a title=\"Exporta\u00e7\u00e3o de carne bovina desossada e congelada caiu 39,2%, no semestre (Foto: Divulga\u00e7\u00e3o\/Fiems)\" href=\"http:\/\/cdn1.campograndenews.com.br\/uploads\/tmp\/images\/5156893\/wm-640x480-49fee849909403a3520232130ef99fce.jpg\" rel=\"lightbox[galeria]\"><img loading=\"lazy\" decoding=\"async\" title=\"Exporta\u00e7\u00e3o de carne bovina desossada e congelada caiu 39,2%, no semestre (Foto: Divulga\u00e7\u00e3o\/Fiems)\" src=\"http:\/\/cdn1.campograndenews.com.br\/uploads\/tmp\/images\/5156893\/300x225-49fee849909403a3520232130ef99fce.jpg\" alt=\"Exporta\u00e7\u00e3o de carne bovina desossada e congelada caiu 39,2%, no semestre (Foto: Divulga\u00e7\u00e3o\/Fiems)\" width=\"300\" height=\"200\" \/><\/a><figcaption class=\"wp-caption-text\">Exporta\u00e7\u00e3o de carne bovina desossada e congelada caiu 39,2%, no semestre (Foto: Divulga\u00e7\u00e3o\/Fiems)<\/figcaption><\/figure><\/div>\n<div class=\"bloco_texto_span\">\n<p style=\"text-align: justify;\"><strong>Deficit<\/strong> \u2013 A exporta\u00e7\u00e3o de carne bovina desossada e congelada caiu 39,2%, no semestre. A retra\u00e7\u00e3o \u00e9 resultado de uma tend\u00eancia nacional na diminui\u00e7\u00e3o gradativa do n\u00famero de animais abatidos, que em MS j\u00e1 caiu 15%, com o fechamento de 16 frigor\u00edficos.<\/p>\n<p style=\"text-align: justify;\">A situa\u00e7\u00e3o \u00e9 fruto de um processo desencadeado h\u00e1 cerca de tr\u00eas anos, quando produtores ficaram descapitalizados, em vista do custo operacional alto e n\u00e3o fizeram muitos investimentos. \u201cTamb\u00e9m teve redu\u00e7\u00e3o de \u00e1rea destinada a pecu\u00e1ria, pois houve expans\u00e3o de outras produ\u00e7\u00f5es, de forma generalizada, como cana-de-a\u00e7\u00facar e eucalipto. O que, por um lado, \u00e9 bom porque o Estado n\u00e3o fica dependendo s\u00f3 do boi\u201d, comenta Aldo.<\/p>\n<p style=\"text-align: justify;\">Tamb\u00e9m ca\u00edram as exporta\u00e7\u00f5es de min\u00e9rio de ferro (-68%), carne de galinha (-15%), carne su\u00edna congelada (-38%), algod\u00e3o (-53%), pe\u00e7as n\u00e3o desossadas de bovinos (-45%), amido de milho (-47%), entre outros produtos com saldo negativo.<\/p>\n<p style=\"text-align: justify;\">Entre os pa\u00edses que reduziram a importa\u00e7\u00e3o de MS est\u00e1 o maior comprador, a China (-4,2%); o segundo no ranking, a It\u00e1lia (-11) e os demais que fazem parte dos que importam maior volume de produtos, Argentina (-56%), Pa\u00edses Baixos \u2013 Holanda (-46%) e R\u00fassia (-62%).<\/p>\n<p style=\"text-align: justify;\"><strong>Saldo<\/strong>\u00a0\u2013 O deficit poderia ser maior, n\u00e3o fosse o avan\u00e7o nas exporta\u00e7\u00f5es a pa\u00edses que compram volumes menos expressivos, como Vietn\u00e3, cuja a negocia\u00e7\u00e3o cresceu 88% e a participa\u00e7\u00e3o do pa\u00eds na balan\u00e7a passou de 1,3% pra 3%. Egito comprou 147% a mais, Ir\u00e3 importou 94% al\u00e9m do montante do mesmo semestre de 2014, Taiwan aumentou a compra em 78%, Emirados \u00c1rabes Unidos em 46%, \u00cdndia em 247% e Nig\u00e9ria em 200%.<\/p>\n<p style=\"text-align: justify;\">A diversifica\u00e7\u00e3o na rela\u00e7\u00e3o com os pa\u00edses \u00e9 positiva e tem ajudado, conforme o consultor. \u201cO ideal \u00e9 ter muitos parceiros, porque voc\u00ea dilui seu risco, pois quando tenho as negocia\u00e7\u00f5es concentradas em poucos parceiros tenho o risco aumentado\u201d, destaca Aldo. Conforme o levantamento, cresceram as exporta\u00e7\u00f5es de a\u00e7\u00facar de cana (38,4%), milho em gr\u00e3o (80,6%) e papel (93,1%), entre outras.<\/p>\n<\/div>\n<p style=\"text-align: justify;\">\n<p style=\"text-align: justify;\">Fonte: Campo Grande News<\/p>\n","protected":false},"excerpt":{"rendered":"<p>Contrariando a onda de retra\u00e7\u00e3o da balan\u00e7a comercial de Mato Grosso do Sul, cujo o deficit \u00e9 de 17%, o milho em gr\u00e3o aumentou a exporta\u00e7\u00e3o em 80%, no primeiro semestre deste ano, na compara\u00e7\u00e3o com o mesmo per\u00edodo de 2014. Segundo o Mdic (Minist\u00e9rio do Desenvolvimento, Ind\u00fastria e Com\u00e9rcio Exterior), o volume negociado com [&hellip;]<\/p>\n","protected":false},"author":4,"featured_media":6028,"comment_status":"closed","ping_status":"closed","sticky":false,"template":"","format":"standard","meta":{"footnotes":""},"categories":[17],"tags":[],"class_list":["post-6027","post","type-post","status-publish","format-standard","has-post-thumbnail","hentry","category-agropecuaria"],"_links":{"self":[{"href":"https:\/\/www.ocorreionews.com.br\/acervo-correio\/index.php?rest_route=\/wp\/v2\/posts\/6027","targetHints":{"allow":["GET"]}}],"collection":[{"href":"https:\/\/www.ocorreionews.com.br\/acervo-correio\/index.php?rest_route=\/wp\/v2\/posts"}],"about":[{"href":"https:\/\/www.ocorreionews.com.br\/acervo-correio\/index.php?rest_route=\/wp\/v2\/types\/post"}],"author":[{"embeddable":true,"href":"https:\/\/www.ocorreionews.com.br\/acervo-correio\/index.php?rest_route=\/wp\/v2\/users\/4"}],"replies":[{"embeddable":true,"href":"https:\/\/www.ocorreionews.com.br\/acervo-correio\/index.php?rest_route=%2Fwp%2Fv2%2Fcomments&post=6027"}],"version-history":[{"count":0,"href":"https:\/\/www.ocorreionews.com.br\/acervo-correio\/index.php?rest_route=\/wp\/v2\/posts\/6027\/revisions"}],"wp:featuredmedia":[{"embeddable":true,"href":"https:\/\/www.ocorreionews.com.br\/acervo-correio\/index.php?rest_route=\/wp\/v2\/media\/6028"}],"wp:attachment":[{"href":"https:\/\/www.ocorreionews.com.br\/acervo-correio\/index.php?rest_route=%2Fwp%2Fv2%2Fmedia&parent=6027"}],"wp:term":[{"taxonomy":"category","embeddable":true,"href":"https:\/\/www.ocorreionews.com.br\/acervo-correio\/index.php?rest_route=%2Fwp%2Fv2%2Fcategories&post=6027"},{"taxonomy":"post_tag","embeddable":true,"href":"https:\/\/www.ocorreionews.com.br\/acervo-correio\/index.php?rest_route=%2Fwp%2Fv2%2Ftags&post=6027"}],"curies":[{"name":"wp","href":"https:\/\/api.w.org\/{rel}","templated":true}]}}