{"id":6031,"date":"2015-07-21T15:02:49","date_gmt":"2015-07-21T19:02:49","guid":{"rendered":"https:\/\/ocorreionews.com.br\/?p=6031"},"modified":"2015-07-21T15:02:49","modified_gmt":"2015-07-21T19:02:49","slug":"mulher-de-23-anos-ateia-fogo-em-carro-de-marido-de-50-anos-em-paraiso-das-aguas","status":"publish","type":"post","link":"https:\/\/www.ocorreionews.com.br\/acervo-correio\/?p=6031","title":{"rendered":"Mulher de 23 anos ateia fogo em carro de marido de 50 anos em Para\u00edso das \u00c1guas"},"content":{"rendered":"<p>&nbsp;<\/p>\n<div>\n<p style=\"text-align: justify;\">Por volta das 14h desta ter\u00e7a-feira(21), na Rua Celestina Faustina da Cruz, n\u00ba 156 em Para\u00edso das \u00c1guas (MS), um homem de 50 anos teve seu ve\u00edculo Volkswagen Gol, G3,\u00a0de cor preta,\u00a04 portas, ano 2001, incendiado pela sua pr\u00f3pria mulher de 23 anos.<\/p>\n<p style=\"text-align: justify;\">\n<p style=\"text-align: justify;\">A vitima relatou ao Brito News, que estava trabalhando em uma fazenda, quando chegou em sua resid\u00eancia e ap\u00f3s uma discuss\u00e3o com sua mulher. Ela, descontrolada, ateou fogo no ve\u00edculo que ele acabava de reformar. O marido contou que sua mulher \u00e9 usu\u00e1ria de drogas e que\u00a0ultimamente vem enfrentando s\u00e9rios problemas com o v\u00edcio.<\/p>\n<p style=\"text-align: justify;\">\n<p style=\"text-align: justify;\">O ve\u00edculo ficou completamente destru\u00eddo com as chamas. V\u00e1rios curiosos estiveram no local. As policias Militar e Civil esteve no local e est\u00e3o realizando dilig\u00eancia \u00e0 fim de encontrar a suspeita do crime.<\/p>\n<p style=\"text-align: justify;\">\n<p style=\"text-align: justify;\">A pol\u00edcia informou que o casal j\u00e1 havia tido problemas nesta semana e o Boletim de Ocorr\u00eancias foi registrado.<\/p>\n<p style=\"text-align: justify;\"><img decoding=\"async\" src=\"http:\/\/i.imgur.com\/Owp4sjB.jpg\" alt=\"\" width=\"600\" \/><\/p>\n<\/div>\n<div style=\"text-align: justify;\"><span style=\"font-family: helvetica; font-size: small;\"><img decoding=\"async\" src=\"http:\/\/i.imgur.com\/mdCLvsD.jpg\" alt=\"\" width=\"600\" \/><img decoding=\"async\" src=\"http:\/\/i.imgur.com\/qoo8HQC.jpg\" alt=\"\" width=\"600\" \/><\/span><\/div>\n<div style=\"text-align: justify;\"><\/div>\n<div style=\"text-align: justify;\"><\/div>\n<div>\n<p style=\"text-align: justify;\"><em><strong>Fonte: Brito News; Fotos:\u00a0Calzaimar Maia<\/strong><\/em><\/p>\n<\/div>\n","protected":false},"excerpt":{"rendered":"<p>&nbsp; Por volta das 14h desta ter\u00e7a-feira(21), na Rua Celestina Faustina da Cruz, n\u00ba 156 em Para\u00edso das \u00c1guas (MS), um homem de 50 anos teve seu ve\u00edculo Volkswagen Gol, G3,\u00a0de cor preta,\u00a04 portas, ano 2001, incendiado pela sua pr\u00f3pria mulher de 23 anos. A vitima relatou ao Brito News, que estava trabalhando em uma [&hellip;]<\/p>\n","protected":false},"author":4,"featured_media":6032,"comment_status":"closed","ping_status":"closed","sticky":false,"template":"","format":"standard","meta":{"footnotes":""},"categories":[36,38],"tags":[],"class_list":["post-6031","post","type-post","status-publish","format-standard","has-post-thumbnail","hentry","category-paraiso-das-aguas","category-policia"],"_links":{"self":[{"href":"https:\/\/www.ocorreionews.com.br\/acervo-correio\/index.php?rest_route=\/wp\/v2\/posts\/6031","targetHints":{"allow":["GET"]}}],"collection":[{"href":"https:\/\/www.ocorreionews.com.br\/acervo-correio\/index.php?rest_route=\/wp\/v2\/posts"}],"about":[{"href":"https:\/\/www.ocorreionews.com.br\/acervo-correio\/index.php?rest_route=\/wp\/v2\/types\/post"}],"author":[{"embeddable":true,"href":"https:\/\/www.ocorreionews.com.br\/acervo-correio\/index.php?rest_route=\/wp\/v2\/users\/4"}],"replies":[{"embeddable":true,"href":"https:\/\/www.ocorreionews.com.br\/acervo-correio\/index.php?rest_route=%2Fwp%2Fv2%2Fcomments&post=6031"}],"version-history":[{"count":0,"href":"https:\/\/www.ocorreionews.com.br\/acervo-correio\/index.php?rest_route=\/wp\/v2\/posts\/6031\/revisions"}],"wp:featuredmedia":[{"embeddable":true,"href":"https:\/\/www.ocorreionews.com.br\/acervo-correio\/index.php?rest_route=\/wp\/v2\/media\/6032"}],"wp:attachment":[{"href":"https:\/\/www.ocorreionews.com.br\/acervo-correio\/index.php?rest_route=%2Fwp%2Fv2%2Fmedia&parent=6031"}],"wp:term":[{"taxonomy":"category","embeddable":true,"href":"https:\/\/www.ocorreionews.com.br\/acervo-correio\/index.php?rest_route=%2Fwp%2Fv2%2Fcategories&post=6031"},{"taxonomy":"post_tag","embeddable":true,"href":"https:\/\/www.ocorreionews.com.br\/acervo-correio\/index.php?rest_route=%2Fwp%2Fv2%2Ftags&post=6031"}],"curies":[{"name":"wp","href":"https:\/\/api.w.org\/{rel}","templated":true}]}}