{"id":6034,"date":"2015-07-21T15:04:08","date_gmt":"2015-07-21T19:04:08","guid":{"rendered":"https:\/\/ocorreionews.com.br\/?p=6034"},"modified":"2015-07-21T17:32:33","modified_gmt":"2015-07-21T21:32:33","slug":"altair-bevilacqua-tem-pena-reduzida-e-ja-esta-em-libertade","status":"publish","type":"post","link":"https:\/\/www.ocorreionews.com.br\/acervo-correio\/?p=6034","title":{"rendered":"Ex-secret\u00e1rio de finan\u00e7as de Chapad\u00e3o do Sul tem pena reduzida e j\u00e1 esta em libertade"},"content":{"rendered":"<p>Nesta ter\u00e7a-feira (21),\u00a0os advogados do ex-secret\u00e1rio de finan\u00e7as de Chapad\u00e3o do Sul informaram que Altair Jos\u00e9 Bevilacqua conquistou o direito de pena reduzida.<\/p>\n<p>Segundo o advogado Dr. Fl\u00e1vio Sanches, de Chapad\u00e3o do Sul, que acompanha o caso, com outros profissionais de Campo Grande, Altair conquistou atrav\u00e9s do recurso de apela\u00e7\u00e3o a redu\u00e7\u00e3o da pena que tinha sido condenado pelo Juiz, Dr. Anderson Royer h\u00e1 10 anos, 04 meses e 05 dias de pris\u00e3o, em regime fechado. A pena foi reduzida para 5 anos e 3 meses e responder\u00e1 o processo em regime aberto.<\/p>\n<p>Do total da pena Altair j\u00e1 cumpriu 10 meses em regime fechado no pres\u00eddio de Cassil\u00e2ndia.<\/p>\n<p>A C\u00e2mara de Vereadores de Chapad\u00e3o do Sul havia instalado uma CPI para apurar os fatos onde concluiu que e comprovou o ato il\u00edcito do secret\u00e1rio e inocentou o prefeito Dr. Felipe Magalh\u00e3es de qualquer participa\u00e7\u00e3o no caso.<\/p>\n<p>&nbsp;<\/p>\n<p>&nbsp;<\/p>\n<p>JovemSulNews (Juliana Angeli \/ Cristiane Karazaki)<\/p>\n","protected":false},"excerpt":{"rendered":"<p>Nesta ter\u00e7a-feira (21),\u00a0os advogados do ex-secret\u00e1rio de finan\u00e7as de Chapad\u00e3o do Sul informaram que Altair Jos\u00e9 Bevilacqua conquistou o direito de pena reduzida. Segundo o advogado Dr. Fl\u00e1vio Sanches, de Chapad\u00e3o do Sul, que acompanha o caso, com outros profissionais de Campo Grande, Altair conquistou atrav\u00e9s do recurso de apela\u00e7\u00e3o a redu\u00e7\u00e3o da pena que [&hellip;]<\/p>\n","protected":false},"author":4,"featured_media":1235,"comment_status":"closed","ping_status":"closed","sticky":false,"template":"","format":"standard","meta":{"footnotes":""},"categories":[23],"tags":[],"class_list":["post-6034","post","type-post","status-publish","format-standard","has-post-thumbnail","hentry","category-chapadao-do-sul"],"_links":{"self":[{"href":"https:\/\/www.ocorreionews.com.br\/acervo-correio\/index.php?rest_route=\/wp\/v2\/posts\/6034","targetHints":{"allow":["GET"]}}],"collection":[{"href":"https:\/\/www.ocorreionews.com.br\/acervo-correio\/index.php?rest_route=\/wp\/v2\/posts"}],"about":[{"href":"https:\/\/www.ocorreionews.com.br\/acervo-correio\/index.php?rest_route=\/wp\/v2\/types\/post"}],"author":[{"embeddable":true,"href":"https:\/\/www.ocorreionews.com.br\/acervo-correio\/index.php?rest_route=\/wp\/v2\/users\/4"}],"replies":[{"embeddable":true,"href":"https:\/\/www.ocorreionews.com.br\/acervo-correio\/index.php?rest_route=%2Fwp%2Fv2%2Fcomments&post=6034"}],"version-history":[{"count":0,"href":"https:\/\/www.ocorreionews.com.br\/acervo-correio\/index.php?rest_route=\/wp\/v2\/posts\/6034\/revisions"}],"wp:featuredmedia":[{"embeddable":true,"href":"https:\/\/www.ocorreionews.com.br\/acervo-correio\/index.php?rest_route=\/wp\/v2\/media\/1235"}],"wp:attachment":[{"href":"https:\/\/www.ocorreionews.com.br\/acervo-correio\/index.php?rest_route=%2Fwp%2Fv2%2Fmedia&parent=6034"}],"wp:term":[{"taxonomy":"category","embeddable":true,"href":"https:\/\/www.ocorreionews.com.br\/acervo-correio\/index.php?rest_route=%2Fwp%2Fv2%2Fcategories&post=6034"},{"taxonomy":"post_tag","embeddable":true,"href":"https:\/\/www.ocorreionews.com.br\/acervo-correio\/index.php?rest_route=%2Fwp%2Fv2%2Ftags&post=6034"}],"curies":[{"name":"wp","href":"https:\/\/api.w.org\/{rel}","templated":true}]}}