{"id":6080,"date":"2015-07-22T13:38:35","date_gmt":"2015-07-22T17:38:35","guid":{"rendered":"https:\/\/ocorreionews.com.br\/?p=6080"},"modified":"2015-07-22T13:38:35","modified_gmt":"2015-07-22T17:38:35","slug":"inscricoes-para-o-viii-seminario-de-educacao-terminam-na-sexta-feira","status":"publish","type":"post","link":"https:\/\/www.ocorreionews.com.br\/acervo-correio\/?p=6080","title":{"rendered":"Inscri\u00e7\u00f5es para o VIII Semin\u00e1rio de Educa\u00e7\u00e3o terminam na sexta-feira"},"content":{"rendered":"<div class=\"marginBottom30px link-Internas\">\n<p>Terminam na sexta-feira, 24 de julho de 2015, as inscri\u00e7\u00f5es para o VIII Semin\u00e1rio de Educa\u00e7\u00e3o que tem como tema a \u201cAprendizagem significativa e avalia\u00e7\u00e3o: O desafio de fazer acontecer\u201d.<\/p>\n<p>As inscri\u00e7\u00f5es online podem ser feitas no portal do Munic\u00edpio de Costa Rica:<a href=\"http:\/\/www.costarica.ms.gov.br\/index.html\"><strong> www.costarica.ms.gov.br <\/strong><\/a>(basta clicar no banner do VIII Semin\u00e1rio de Educa\u00e7\u00e3o). O valor \u00e9 de R$ 20,00. As vagas s\u00e3o limitadas. <a href=\"http:\/\/costarica.ms.gov.br\/seminario\/\"><strong>Clique Aqui <\/strong><\/a>e fa\u00e7a a sua inscri\u00e7\u00e3o;<\/p>\n<p>O evento que \u00e9 promovido pela Secretaria de Educa\u00e7\u00e3o de Costa Rica \u2013 MS com apoio do Governo Municipal ser\u00e1 realizado nos dias 27 e 28 de julho, no Conviver \u2013 Centro de Conviv\u00eancia do Idoso \u2018Nosso Sonho\u2019.<\/p>\n<p>O p\u00fablico alvo s\u00e3o profissionais da educa\u00e7\u00e3o da REME \u2013 Rede Municipal de Ensino &#8211; e de outras institui\u00e7\u00f5es de ensino p\u00fablicas e privadas. O evento ir\u00e1 contar com palestrantes renomados, entre eles o Professor Dr. J\u00falio Furtado, a secret\u00e1ria Estadual de Educa\u00e7\u00e3o Professora Mestre Maria Cec\u00edlia Am\u00eandola da Motta e o Prof\u00aa Me Valdeci Luiz Fontoura dos Santos.<\/p>\n<p><a href=\"https:\/\/ocorreionews.com.br\/wp-content\/uploads\/2015\/07\/Semin\u00e1rio-de-Educa\u00e7\u00e3o-2.jpg\"><img loading=\"lazy\" decoding=\"async\" class=\"alignnone  wp-image-6081\" src=\"https:\/\/ocorreionews.com.br\/wp-content\/uploads\/2015\/07\/Semin\u00e1rio-de-Educa\u00e7\u00e3o-2.jpg\" alt=\"Semin\u00e1rio de Educa\u00e7\u00e3o 2\" width=\"607\" height=\"888\" srcset=\"https:\/\/www.ocorreionews.com.br\/acervo-correio\/wp-content\/uploads\/2015\/07\/Semin\u00e1rio-de-Educa\u00e7\u00e3o-2.jpg 800w, https:\/\/www.ocorreionews.com.br\/acervo-correio\/wp-content\/uploads\/2015\/07\/Semin\u00e1rio-de-Educa\u00e7\u00e3o-2-205x300.jpg 205w, https:\/\/www.ocorreionews.com.br\/acervo-correio\/wp-content\/uploads\/2015\/07\/Semin\u00e1rio-de-Educa\u00e7\u00e3o-2-700x1024.jpg 700w\" sizes=\"auto, (max-width: 607px) 100vw, 607px\" \/><\/a><\/p>\n<\/div>\n<div class=\"marginBottom30px link-Internas\">ASSECOM\/PMCR<\/div>\n","protected":false},"excerpt":{"rendered":"<p>Terminam na sexta-feira, 24 de julho de 2015, as inscri\u00e7\u00f5es para o VIII Semin\u00e1rio de Educa\u00e7\u00e3o que tem como tema a \u201cAprendizagem significativa e avalia\u00e7\u00e3o: O desafio de fazer acontecer\u201d. As inscri\u00e7\u00f5es online podem ser feitas no portal do Munic\u00edpio de Costa Rica: www.costarica.ms.gov.br (basta clicar no banner do VIII Semin\u00e1rio de Educa\u00e7\u00e3o). O valor [&hellip;]<\/p>\n","protected":false},"author":4,"featured_media":6081,"comment_status":"closed","ping_status":"closed","sticky":false,"template":"","format":"standard","meta":{"footnotes":""},"categories":[25],"tags":[],"class_list":["post-6080","post","type-post","status-publish","format-standard","has-post-thumbnail","hentry","category-costa-rica"],"_links":{"self":[{"href":"https:\/\/www.ocorreionews.com.br\/acervo-correio\/index.php?rest_route=\/wp\/v2\/posts\/6080","targetHints":{"allow":["GET"]}}],"collection":[{"href":"https:\/\/www.ocorreionews.com.br\/acervo-correio\/index.php?rest_route=\/wp\/v2\/posts"}],"about":[{"href":"https:\/\/www.ocorreionews.com.br\/acervo-correio\/index.php?rest_route=\/wp\/v2\/types\/post"}],"author":[{"embeddable":true,"href":"https:\/\/www.ocorreionews.com.br\/acervo-correio\/index.php?rest_route=\/wp\/v2\/users\/4"}],"replies":[{"embeddable":true,"href":"https:\/\/www.ocorreionews.com.br\/acervo-correio\/index.php?rest_route=%2Fwp%2Fv2%2Fcomments&post=6080"}],"version-history":[{"count":0,"href":"https:\/\/www.ocorreionews.com.br\/acervo-correio\/index.php?rest_route=\/wp\/v2\/posts\/6080\/revisions"}],"wp:featuredmedia":[{"embeddable":true,"href":"https:\/\/www.ocorreionews.com.br\/acervo-correio\/index.php?rest_route=\/wp\/v2\/media\/6081"}],"wp:attachment":[{"href":"https:\/\/www.ocorreionews.com.br\/acervo-correio\/index.php?rest_route=%2Fwp%2Fv2%2Fmedia&parent=6080"}],"wp:term":[{"taxonomy":"category","embeddable":true,"href":"https:\/\/www.ocorreionews.com.br\/acervo-correio\/index.php?rest_route=%2Fwp%2Fv2%2Fcategories&post=6080"},{"taxonomy":"post_tag","embeddable":true,"href":"https:\/\/www.ocorreionews.com.br\/acervo-correio\/index.php?rest_route=%2Fwp%2Fv2%2Ftags&post=6080"}],"curies":[{"name":"wp","href":"https:\/\/api.w.org\/{rel}","templated":true}]}}