{"id":6083,"date":"2015-07-22T13:47:08","date_gmt":"2015-07-22T17:47:08","guid":{"rendered":"https:\/\/ocorreionews.com.br\/?p=6083"},"modified":"2015-07-22T13:47:08","modified_gmt":"2015-07-22T17:47:08","slug":"capotamento-deixa-dois-feridos-na-br-306-com-a-mt100","status":"publish","type":"post","link":"https:\/\/www.ocorreionews.com.br\/acervo-correio\/?p=6083","title":{"rendered":"Capotamento deixa dois feridos na BR 306 com a MT100"},"content":{"rendered":"<p>Orivaldo Inha (71) e Edivaldo Ferreira Lima, sofreram um grave acidente no cruzamento da rodovia MS 306 com a MT 100, na manh\u00e3 desta segunda-feira (20) por volta das 08h30min.<\/p>\n<p>Edivaldo conduzia um ve\u00edculo S-10, cor prata, quando perdeu o controle do ve\u00edculo e veio a capotar, o acidente ocorreu quando o condutor do ve\u00edculo ia adentrar na MT100. Segundo informa\u00e7\u00e3o de uma das vitimas as m\u00e1s condi\u00e7\u00f5es das rodovias contribu\u00edram para que ocorresse o acidente.<\/p>\n<p>Os dois ocupantes do ve\u00edculo tiveram ferimentos, e foram socorridos pelo corpo de bombeiros da cidade de Costa Rica\/MS, e encaminhados a Funda\u00e7\u00e3o Hospitalar, Edivaldo que era o condutor do ve\u00edculo S-10 teve fratura exposta no cr\u00e2nio e devido a gravidade da les\u00e3o foi encaminhado \u00e0s pressas para a Santa Casa de Campo Grande\/MS, j\u00e1 o passageiro Orivaldo sofreu apenas escoria\u00e7\u00f5es leves.<\/p>\n<p>&nbsp;<\/p>\n<p>Eu Conto Tudo<\/p>\n","protected":false},"excerpt":{"rendered":"<p>Orivaldo Inha (71) e Edivaldo Ferreira Lima, sofreram um grave acidente no cruzamento da rodovia MS 306 com a MT 100, na manh\u00e3 desta segunda-feira (20) por volta das 08h30min. Edivaldo conduzia um ve\u00edculo S-10, cor prata, quando perdeu o controle do ve\u00edculo e veio a capotar, o acidente ocorreu quando o condutor do ve\u00edculo [&hellip;]<\/p>\n","protected":false},"author":4,"featured_media":6084,"comment_status":"closed","ping_status":"closed","sticky":false,"template":"","format":"standard","meta":{"footnotes":""},"categories":[38],"tags":[],"class_list":["post-6083","post","type-post","status-publish","format-standard","has-post-thumbnail","hentry","category-policia"],"_links":{"self":[{"href":"https:\/\/www.ocorreionews.com.br\/acervo-correio\/index.php?rest_route=\/wp\/v2\/posts\/6083","targetHints":{"allow":["GET"]}}],"collection":[{"href":"https:\/\/www.ocorreionews.com.br\/acervo-correio\/index.php?rest_route=\/wp\/v2\/posts"}],"about":[{"href":"https:\/\/www.ocorreionews.com.br\/acervo-correio\/index.php?rest_route=\/wp\/v2\/types\/post"}],"author":[{"embeddable":true,"href":"https:\/\/www.ocorreionews.com.br\/acervo-correio\/index.php?rest_route=\/wp\/v2\/users\/4"}],"replies":[{"embeddable":true,"href":"https:\/\/www.ocorreionews.com.br\/acervo-correio\/index.php?rest_route=%2Fwp%2Fv2%2Fcomments&post=6083"}],"version-history":[{"count":0,"href":"https:\/\/www.ocorreionews.com.br\/acervo-correio\/index.php?rest_route=\/wp\/v2\/posts\/6083\/revisions"}],"wp:featuredmedia":[{"embeddable":true,"href":"https:\/\/www.ocorreionews.com.br\/acervo-correio\/index.php?rest_route=\/wp\/v2\/media\/6084"}],"wp:attachment":[{"href":"https:\/\/www.ocorreionews.com.br\/acervo-correio\/index.php?rest_route=%2Fwp%2Fv2%2Fmedia&parent=6083"}],"wp:term":[{"taxonomy":"category","embeddable":true,"href":"https:\/\/www.ocorreionews.com.br\/acervo-correio\/index.php?rest_route=%2Fwp%2Fv2%2Fcategories&post=6083"},{"taxonomy":"post_tag","embeddable":true,"href":"https:\/\/www.ocorreionews.com.br\/acervo-correio\/index.php?rest_route=%2Fwp%2Fv2%2Ftags&post=6083"}],"curies":[{"name":"wp","href":"https:\/\/api.w.org\/{rel}","templated":true}]}}