{"id":6121,"date":"2015-07-23T10:24:55","date_gmt":"2015-07-23T14:24:55","guid":{"rendered":"https:\/\/ocorreionews.com.br\/?p=6121"},"modified":"2015-07-23T11:16:24","modified_gmt":"2015-07-23T15:16:24","slug":"loja-no-centro-da-cidade-e-assaltada-em-chapadao-do-sul","status":"publish","type":"post","link":"https:\/\/www.ocorreionews.com.br\/acervo-correio\/?p=6121","title":{"rendered":"Loja no Centro da cidade \u00e9 assaltada em Chapad\u00e3o do Sul"},"content":{"rendered":"<p>A loja Positivo Confec\u00e7\u00f5es, localizada na Avenida Quatro (Centro), tamb\u00e9m foi invadida por ladr\u00f5es em Chapad\u00e3o do Sul.\u00a0 Os funcion\u00e1rios chegarem cedo ao local de trabalha e perceberam que uma janela tinha sido arrombada. Pe\u00e7as do vestu\u00e1rio, rel\u00f3gios e o dinheiro do caixa foram levados. A quantidade de pe\u00e7as furtadas n\u00e3o foi informada aos policiais que investigam o caso. N\u00e3o h\u00e1 informa\u00e7\u00f5es sobre a exist\u00eancia de c\u00e2meras de seguran\u00e7a no local ou nas imedia\u00e7\u00f5es.<\/p>\n<p>chapadensenews<\/p>\n","protected":false},"excerpt":{"rendered":"<p>A loja Positivo Confec\u00e7\u00f5es, localizada na Avenida Quatro (Centro), tamb\u00e9m foi invadida por ladr\u00f5es em Chapad\u00e3o do Sul.\u00a0 Os funcion\u00e1rios chegarem cedo ao local de trabalha e perceberam que uma janela tinha sido arrombada. Pe\u00e7as do vestu\u00e1rio, rel\u00f3gios e o dinheiro do caixa foram levados. A quantidade de pe\u00e7as furtadas n\u00e3o foi informada aos policiais [&hellip;]<\/p>\n","protected":false},"author":4,"featured_media":6122,"comment_status":"closed","ping_status":"closed","sticky":false,"template":"","format":"standard","meta":{"footnotes":""},"categories":[38],"tags":[],"class_list":["post-6121","post","type-post","status-publish","format-standard","has-post-thumbnail","hentry","category-policia"],"_links":{"self":[{"href":"https:\/\/www.ocorreionews.com.br\/acervo-correio\/index.php?rest_route=\/wp\/v2\/posts\/6121","targetHints":{"allow":["GET"]}}],"collection":[{"href":"https:\/\/www.ocorreionews.com.br\/acervo-correio\/index.php?rest_route=\/wp\/v2\/posts"}],"about":[{"href":"https:\/\/www.ocorreionews.com.br\/acervo-correio\/index.php?rest_route=\/wp\/v2\/types\/post"}],"author":[{"embeddable":true,"href":"https:\/\/www.ocorreionews.com.br\/acervo-correio\/index.php?rest_route=\/wp\/v2\/users\/4"}],"replies":[{"embeddable":true,"href":"https:\/\/www.ocorreionews.com.br\/acervo-correio\/index.php?rest_route=%2Fwp%2Fv2%2Fcomments&post=6121"}],"version-history":[{"count":0,"href":"https:\/\/www.ocorreionews.com.br\/acervo-correio\/index.php?rest_route=\/wp\/v2\/posts\/6121\/revisions"}],"wp:featuredmedia":[{"embeddable":true,"href":"https:\/\/www.ocorreionews.com.br\/acervo-correio\/index.php?rest_route=\/wp\/v2\/media\/6122"}],"wp:attachment":[{"href":"https:\/\/www.ocorreionews.com.br\/acervo-correio\/index.php?rest_route=%2Fwp%2Fv2%2Fmedia&parent=6121"}],"wp:term":[{"taxonomy":"category","embeddable":true,"href":"https:\/\/www.ocorreionews.com.br\/acervo-correio\/index.php?rest_route=%2Fwp%2Fv2%2Fcategories&post=6121"},{"taxonomy":"post_tag","embeddable":true,"href":"https:\/\/www.ocorreionews.com.br\/acervo-correio\/index.php?rest_route=%2Fwp%2Fv2%2Ftags&post=6121"}],"curies":[{"name":"wp","href":"https:\/\/api.w.org\/{rel}","templated":true}]}}