{"id":6124,"date":"2015-07-23T10:28:46","date_gmt":"2015-07-23T14:28:46","guid":{"rendered":"https:\/\/ocorreionews.com.br\/?p=6124"},"modified":"2015-07-23T10:28:46","modified_gmt":"2015-07-23T14:28:46","slug":"projeto-de-marun-proibe-a-comercializacao-de-casas-populares-e-beneficia-locatarios","status":"publish","type":"post","link":"https:\/\/www.ocorreionews.com.br\/acervo-correio\/?p=6124","title":{"rendered":"Projeto de Marun pro\u00edbe a comercializa\u00e7\u00e3o de casas populares e beneficia locat\u00e1rios"},"content":{"rendered":"<div class=\"readMsgBody\">\n<div id=\"bodyreadMessagePartBodyControl509f\" class=\"ExternalClass MsgBodyContainer\" data-link=\"class{:~tag.cssClasses(PlainText, IsContentFiltered)}\">\n<div dir=\"ltr\">\n<p class=\"ecxMsoNormal\">Quem receber casa popular do governo federal, constru\u00edda pela modalidade subsidiadas, atrav\u00e9s do Programa Minha Casa, Minha Vida, n\u00e3o poder\u00e1 vender, ceder ou alugar o im\u00f3vel pelo per\u00edodo de 10 anos. Constatada a irregularidade, ocorrer\u00e1 a imediata reintegra\u00e7\u00e3o na posse, rescis\u00e3o do financiamento e a devolu\u00e7\u00e3o dos valores recebidos como subs\u00eddio governamental. Em caso de loca\u00e7\u00e3o, a pessoa que estiver morando na casa ter\u00e1 prefer\u00eancia de compra.<\/p>\n<p class=\"ecxMsoNormal\">A proibi\u00e7\u00e3o de comercializa\u00e7\u00e3o est\u00e1 expressa no projeto de lei 2.450\/2015, apresentado pelo deputado federal Carlos Marun (PMDB-MS) na C\u00e2mara dos Deputados. O projeto altera a Lei n\u00ba 11.977, de 7 de julho de 2009, estabelecendo que nestes casos quem estiver morando na casa tem a prioridade de compra, at\u00e9 porque demonstrou a necessidade e a utilidade da moradia para si e sua fam\u00edlia.<\/p>\n<p class=\"ecxMsoNormal\">Ex-secret\u00e1rio de Habita\u00e7\u00e3o da Prefeitura de Campo Grande e do Governo do Estado, o deputado federal Carlos Marun explica que a sua inten\u00e7\u00e3o \u00e9 preservar a finalidade social da aplica\u00e7\u00e3o do recursos habitacionais e evitar a explora\u00e7\u00e3o imobili\u00e1ria com o direito \u00e0 moradia. O deputado afirma que os recursos s\u00e3o escassos e que devem beneficiar quem realmente precisa.<\/p>\n<p class=\"ecxMsoNormal\">Marun, que \u00e9 titular da CDU (Comiss\u00e3o de Desenvolvimento Urbano), ressalta que o Programa Minha Casa, Minha Vida (PMCMV) contratou, desde 2009, mais de R$3,5 milh\u00f5es de unidades habitacionais. O programa j\u00e1 se consagrou como a principal iniciativa do governo federal no campo da pol\u00edtica habitacional.\u00a0 Objetivando-se evitar que sejam desvirtuados os objetivos sociais do PMCMV, estabelece-se o per\u00edodo de dez anos de veda\u00e7\u00e3o de venda, cess\u00e3o, aluguel ou qualquer outra forma de comercializa\u00e7\u00e3o da moradia recebida.<\/p>\n<p class=\"ecxMsoNormal\">Tem tamb\u00e9m este projeto de Lei o objetivo de coibir o maior grotesco dos desvios de finalidade, ou seja, o aluguel do im\u00f3vel recebido do poder p\u00fablico. O benefici\u00e1rio recebe o benef\u00edcio sem necessitar, sem a necessidade de se estar l\u00e1 morando, mesmo efetuando somente pagamentos simb\u00f3licos, cobra de fam\u00edlias necessitadas valores de alugu\u00e9is que, al\u00e9m de tudo, permitem a apropria\u00e7\u00e3o indevida de lucro financeiro. Ao garantir a prefer\u00eancia ao locat\u00e1rio, o projeto de Marun incentiva que os pr\u00f3prios denunciem a situa\u00e7\u00e3o irregular do im\u00f3vel. A fam\u00edlia residente na casa, se possuir condi\u00e7\u00f5es econ\u00f4micas que permitam a sua inclus\u00e3o no programa, ser\u00e3o beneficiadas com a prefer\u00eancia de aquisi\u00e7\u00e3o.<\/p>\n<\/div>\n<\/div>\n<\/div>\n","protected":false},"excerpt":{"rendered":"<p>Quem receber casa popular do governo federal, constru\u00edda pela modalidade subsidiadas, atrav\u00e9s do Programa Minha Casa, Minha Vida, n\u00e3o poder\u00e1 vender, ceder ou alugar o im\u00f3vel pelo per\u00edodo de 10 anos. Constatada a irregularidade, ocorrer\u00e1 a imediata reintegra\u00e7\u00e3o na posse, rescis\u00e3o do financiamento e a devolu\u00e7\u00e3o dos valores recebidos como subs\u00eddio governamental. Em caso de [&hellip;]<\/p>\n","protected":false},"author":4,"featured_media":6125,"comment_status":"closed","ping_status":"closed","sticky":false,"template":"","format":"standard","meta":{"footnotes":""},"categories":[37],"tags":[],"class_list":["post-6124","post","type-post","status-publish","format-standard","has-post-thumbnail","hentry","category-politica"],"_links":{"self":[{"href":"https:\/\/www.ocorreionews.com.br\/acervo-correio\/index.php?rest_route=\/wp\/v2\/posts\/6124","targetHints":{"allow":["GET"]}}],"collection":[{"href":"https:\/\/www.ocorreionews.com.br\/acervo-correio\/index.php?rest_route=\/wp\/v2\/posts"}],"about":[{"href":"https:\/\/www.ocorreionews.com.br\/acervo-correio\/index.php?rest_route=\/wp\/v2\/types\/post"}],"author":[{"embeddable":true,"href":"https:\/\/www.ocorreionews.com.br\/acervo-correio\/index.php?rest_route=\/wp\/v2\/users\/4"}],"replies":[{"embeddable":true,"href":"https:\/\/www.ocorreionews.com.br\/acervo-correio\/index.php?rest_route=%2Fwp%2Fv2%2Fcomments&post=6124"}],"version-history":[{"count":0,"href":"https:\/\/www.ocorreionews.com.br\/acervo-correio\/index.php?rest_route=\/wp\/v2\/posts\/6124\/revisions"}],"wp:featuredmedia":[{"embeddable":true,"href":"https:\/\/www.ocorreionews.com.br\/acervo-correio\/index.php?rest_route=\/wp\/v2\/media\/6125"}],"wp:attachment":[{"href":"https:\/\/www.ocorreionews.com.br\/acervo-correio\/index.php?rest_route=%2Fwp%2Fv2%2Fmedia&parent=6124"}],"wp:term":[{"taxonomy":"category","embeddable":true,"href":"https:\/\/www.ocorreionews.com.br\/acervo-correio\/index.php?rest_route=%2Fwp%2Fv2%2Fcategories&post=6124"},{"taxonomy":"post_tag","embeddable":true,"href":"https:\/\/www.ocorreionews.com.br\/acervo-correio\/index.php?rest_route=%2Fwp%2Fv2%2Ftags&post=6124"}],"curies":[{"name":"wp","href":"https:\/\/api.w.org\/{rel}","templated":true}]}}