{"id":6127,"date":"2015-07-23T10:44:04","date_gmt":"2015-07-23T14:44:04","guid":{"rendered":"https:\/\/ocorreionews.com.br\/?p=6127"},"modified":"2015-07-23T10:44:04","modified_gmt":"2015-07-23T14:44:04","slug":"jovem-de-23-anos-morre-em-grave-acidente-nesta-manha-em-jatai","status":"publish","type":"post","link":"https:\/\/www.ocorreionews.com.br\/acervo-correio\/?p=6127","title":{"rendered":"Jovem de 23 anos morre em grave acidente nesta manh\u00e3 em Jata\u00ed"},"content":{"rendered":"<p>Era\u00a0por volta das 7h30 desta manh\u00e3 quando um jovem que conduzia um \u00a0Fiat Strada e transitava no sentido Caiap\u00f4nia\/Jata\u00ed, \u00a0ao chegar em uma curva acentuada antes da Ponte do Para\u00edso acabou invadindo a contram\u00e3o e batendo de frente com uma carreta.<\/p>\n<p>O acidente aconteceu na BR 158, pr\u00f3ximo ao lago Bom Sucesso em Jata\u00ed, a cerca de 8 quil\u00f4metros da cidade.<\/p>\n<p>No momento do acidente havia muita neblina o que pode de contribu\u00eddo com a trag\u00e9dia.<\/p>\n<p>Uma testemunha acionou a PRF e a equipe de Resgate do Corpo de Bombeiros.<\/p>\n<p><a href=\"http:\/\/plantaojti.com.br\/wp-content\/uploads\/2015\/07\/20150723_090736.jpg\" rel=\"lightbox-0\"><img loading=\"lazy\" decoding=\"async\" class=\"aligncenter size-full wp-image-37734\" src=\"http:\/\/plantaojti.com.br\/wp-content\/uploads\/2015\/07\/20150723_090736.jpg\" alt=\"20150723_090736\" width=\"728\" height=\"410\" \/><\/a><\/p>\n<p><a href=\"http:\/\/plantaojti.com.br\/wp-content\/uploads\/2015\/07\/guilherme.jpg\" rel=\"lightbox-1\"><img loading=\"lazy\" decoding=\"async\" class=\" wp-image-37746\" src=\"http:\/\/plantaojti.com.br\/wp-content\/uploads\/2015\/07\/guilherme-168x220.jpg\" alt=\"Guilherme Ferreira Barbosa, 23 anos\" width=\"131\" height=\"172\" \/><\/a><\/p>\n<p>De acordo com a PRF, o motorista do carro morreu e o corpo ficou preso \u00e0s ferragens.<\/p>\n<p>O Corpo de Bombeiros foi acionado para ajudar no atendimento, e teve que usar o aparelho desencarcerador para retirar o corpo das ferragens.<\/p>\n<p>A v\u00edtima foi identificada como Guilherme Ferreira Barbosa, 23 anos, ele estava sozinho no veiculo, ap\u00f3s a colis\u00e3o a carreta acabou saindo da pista, mas o caminhoneiro n\u00e3o se feriu gravemente.<\/p>\n<p>O trabalho de resgate durou cerca de uma hora.<\/p>\n<p>O corpo do jovem foi removido do local pela equipe do IML de Jata\u00ed.<\/p>\n<p><a href=\"http:\/\/plantaojti.com.br\/wp-content\/uploads\/2015\/07\/20150723_090211.jpg\" rel=\"lightbox-2\"><img loading=\"lazy\" decoding=\"async\" class=\"aligncenter size-full wp-image-37737\" src=\"http:\/\/plantaojti.com.br\/wp-content\/uploads\/2015\/07\/20150723_090211.jpg\" alt=\"20150723_090211\" width=\"728\" height=\"410\" \/><\/a><\/p>\n","protected":false},"excerpt":{"rendered":"<p>Era\u00a0por volta das 7h30 desta manh\u00e3 quando um jovem que conduzia um \u00a0Fiat Strada e transitava no sentido Caiap\u00f4nia\/Jata\u00ed, \u00a0ao chegar em uma curva acentuada antes da Ponte do Para\u00edso acabou invadindo a contram\u00e3o e batendo de frente com uma carreta. O acidente aconteceu na BR 158, pr\u00f3ximo ao lago Bom Sucesso em Jata\u00ed, a [&hellip;]<\/p>\n","protected":false},"author":4,"featured_media":6128,"comment_status":"closed","ping_status":"closed","sticky":false,"template":"","format":"standard","meta":{"footnotes":""},"categories":[38],"tags":[],"class_list":["post-6127","post","type-post","status-publish","format-standard","has-post-thumbnail","hentry","category-policia"],"_links":{"self":[{"href":"https:\/\/www.ocorreionews.com.br\/acervo-correio\/index.php?rest_route=\/wp\/v2\/posts\/6127","targetHints":{"allow":["GET"]}}],"collection":[{"href":"https:\/\/www.ocorreionews.com.br\/acervo-correio\/index.php?rest_route=\/wp\/v2\/posts"}],"about":[{"href":"https:\/\/www.ocorreionews.com.br\/acervo-correio\/index.php?rest_route=\/wp\/v2\/types\/post"}],"author":[{"embeddable":true,"href":"https:\/\/www.ocorreionews.com.br\/acervo-correio\/index.php?rest_route=\/wp\/v2\/users\/4"}],"replies":[{"embeddable":true,"href":"https:\/\/www.ocorreionews.com.br\/acervo-correio\/index.php?rest_route=%2Fwp%2Fv2%2Fcomments&post=6127"}],"version-history":[{"count":0,"href":"https:\/\/www.ocorreionews.com.br\/acervo-correio\/index.php?rest_route=\/wp\/v2\/posts\/6127\/revisions"}],"wp:featuredmedia":[{"embeddable":true,"href":"https:\/\/www.ocorreionews.com.br\/acervo-correio\/index.php?rest_route=\/wp\/v2\/media\/6128"}],"wp:attachment":[{"href":"https:\/\/www.ocorreionews.com.br\/acervo-correio\/index.php?rest_route=%2Fwp%2Fv2%2Fmedia&parent=6127"}],"wp:term":[{"taxonomy":"category","embeddable":true,"href":"https:\/\/www.ocorreionews.com.br\/acervo-correio\/index.php?rest_route=%2Fwp%2Fv2%2Fcategories&post=6127"},{"taxonomy":"post_tag","embeddable":true,"href":"https:\/\/www.ocorreionews.com.br\/acervo-correio\/index.php?rest_route=%2Fwp%2Fv2%2Ftags&post=6127"}],"curies":[{"name":"wp","href":"https:\/\/api.w.org\/{rel}","templated":true}]}}