{"id":616,"date":"2015-05-02T16:20:54","date_gmt":"2015-05-02T20:20:54","guid":{"rendered":"https:\/\/ocorreionews.com.br\/?p=616"},"modified":"2018-08-20T22:33:52","modified_gmt":"2018-08-21T02:33:52","slug":"pf-de-tres-lagoas-prende-dois-brasileiros-e-um-paraguaio-por-trafico-de-drogas-no-dia-do-trabalho","status":"publish","type":"post","link":"https:\/\/www.ocorreionews.com.br\/acervo-correio\/?p=616","title":{"rendered":"PF de Tr\u00eas Lagoas prende dois brasileiros e um paraguaio por tr\u00e1fico de drogas no dia do trabalho"},"content":{"rendered":"<p>Por volta das 14h de sexta-feira, 01\/05\/2015, os tr\u00easlagoenses E.H.F.C. (vulgo \u201cLERECO\u201d) e M.S.M., de 26 e 19 anos respectivamente, foram abordados por Policiais Federais no munic\u00edpio de Presidente Epit\u00e1cio\/SP, quando se deslocavam sentido a Tr\u00eas Lagoas em dois ve\u00edculos. Os nacionais se encontravam acompanhados do cidad\u00e3o paraguaio A.O.F., de 32 anos.<\/p>\n<p>No interior dos autom\u00f3veis a Pol\u00edcia Federal encontrou mais de 660 kg de maconha, que tinham como destino a cidade de Tr\u00eas Lagoas\/MS.<\/p>\n<p>Durante a abordagem os indiciados resistiram \u00e0 pris\u00e3o e jogaram um dos ve\u00edculos em dire\u00e7\u00e3o a uma equipe policial, tentando evadir-se do local. Durante a tentativa de fuga, o paraguaio A.O.F. saltou de um dos ve\u00edculos em pleno movimento, sofrendo v\u00e1rios ferimentos e vindo a falecer momentos depois.<\/p>\n<p>Ap\u00f3s serem interrogados pela Autoridade Policial, a dupla de traficantes foi encaminhada ao Pres\u00eddio de Tr\u00eas Lagoas, onde permanece \u00e0 disposi\u00e7\u00e3o da Justi\u00e7a e responder\u00e1 pelos crimes de tr\u00e1fico de drogas, associa\u00e7\u00e3o para o tr\u00e1fico, desobedi\u00eancia e resist\u00eancia \u00e0 pris\u00e3o, crimes cujas penas somadas podem chegar a 27 anos de reclus\u00e3o.<\/p>\n<p>&nbsp;<\/p>\n<p>&nbsp;<\/p>\n<p>Comunica\u00e7\u00e3o Social da Delegacia de Pol\u00edcia Federal em Tr\u00eas Lagoas\/MS<\/p>\n","protected":false},"excerpt":{"rendered":"<p>Por volta das 14h de sexta-feira, 01\/05\/2015, os tr\u00easlagoenses E.H.F.C. (vulgo \u201cLERECO\u201d) e M.S.M., de 26 e 19 anos respectivamente, foram abordados por Policiais Federais no munic\u00edpio de Presidente Epit\u00e1cio\/SP, quando se deslocavam sentido a Tr\u00eas Lagoas em dois ve\u00edculos. Os nacionais se encontravam acompanhados do cidad\u00e3o paraguaio A.O.F., de 32 anos. No interior dos [&hellip;]<\/p>\n","protected":false},"author":4,"featured_media":617,"comment_status":"closed","ping_status":"closed","sticky":false,"template":"","format":"standard","meta":{"footnotes":""},"categories":[38],"tags":[],"class_list":["post-616","post","type-post","status-publish","format-standard","has-post-thumbnail","hentry","category-policia"],"_links":{"self":[{"href":"https:\/\/www.ocorreionews.com.br\/acervo-correio\/index.php?rest_route=\/wp\/v2\/posts\/616","targetHints":{"allow":["GET"]}}],"collection":[{"href":"https:\/\/www.ocorreionews.com.br\/acervo-correio\/index.php?rest_route=\/wp\/v2\/posts"}],"about":[{"href":"https:\/\/www.ocorreionews.com.br\/acervo-correio\/index.php?rest_route=\/wp\/v2\/types\/post"}],"author":[{"embeddable":true,"href":"https:\/\/www.ocorreionews.com.br\/acervo-correio\/index.php?rest_route=\/wp\/v2\/users\/4"}],"replies":[{"embeddable":true,"href":"https:\/\/www.ocorreionews.com.br\/acervo-correio\/index.php?rest_route=%2Fwp%2Fv2%2Fcomments&post=616"}],"version-history":[{"count":0,"href":"https:\/\/www.ocorreionews.com.br\/acervo-correio\/index.php?rest_route=\/wp\/v2\/posts\/616\/revisions"}],"wp:featuredmedia":[{"embeddable":true,"href":"https:\/\/www.ocorreionews.com.br\/acervo-correio\/index.php?rest_route=\/wp\/v2\/media\/617"}],"wp:attachment":[{"href":"https:\/\/www.ocorreionews.com.br\/acervo-correio\/index.php?rest_route=%2Fwp%2Fv2%2Fmedia&parent=616"}],"wp:term":[{"taxonomy":"category","embeddable":true,"href":"https:\/\/www.ocorreionews.com.br\/acervo-correio\/index.php?rest_route=%2Fwp%2Fv2%2Fcategories&post=616"},{"taxonomy":"post_tag","embeddable":true,"href":"https:\/\/www.ocorreionews.com.br\/acervo-correio\/index.php?rest_route=%2Fwp%2Fv2%2Ftags&post=616"}],"curies":[{"name":"wp","href":"https:\/\/api.w.org\/{rel}","templated":true}]}}