{"id":61717,"date":"2017-08-17T15:31:24","date_gmt":"2017-08-17T19:31:24","guid":{"rendered":"https:\/\/ocorreionews.com.br\/?p=61717"},"modified":"2017-08-17T15:31:24","modified_gmt":"2017-08-17T19:31:24","slug":"prefeitura-de-alcinopolis-realiza-sessao-de-fotos-para-incentivar-o-aleitamento-materno","status":"publish","type":"post","link":"https:\/\/www.ocorreionews.com.br\/acervo-correio\/?p=61717","title":{"rendered":"Prefeitura de Alcin\u00f3polis realiza sess\u00e3o de fotos para incentivar o aleitamento materno"},"content":{"rendered":"<p>Na tarde desta quarta-feira (16), 10 mulheres realizaram um &#8220;mama\u00e7o&#8221; a favor do aleitamento materno durante o ensaio fotogr\u00e1fico De Peito Aberto. O objetivo da a\u00e7\u00e3o, idealizada pelo Departamento de Comunica\u00e7\u00e3o da Prefeitura de Alcin\u00f3polis, em parceria com a Secretaria Municipal de Sa\u00fade, foi promover o &#8220;Agosto Dourado&#8221; que passou a ser lei em abril de 2017, instituindo o m\u00eas como destino \u00e0 conscientiza\u00e7\u00e3o do aleitamento materno.<\/p>\n<p>A Organiza\u00e7\u00e3o Mundial da Sa\u00fade (OMS) diz que somente 38,6% dos beb\u00eas brasileiros se alimentam apenas com o leite da m\u00e3e nos primeiros cinco meses de vida. Taxa considerada abaixo do normal.<\/p>\n<p>A Prefeitura de Alcin\u00f3polis, em nome dos profissionais de Sa\u00fade, acredita que com uma rede de apoio e amor as mulheres encontram for\u00e7a para passar por este momento lindo, mas delicado, com mais tranquilidade.<\/p>\n<div><\/div>\n<p><a href=\"http:\/\/www.alcinopolis.ms.gov.br\/galeria\/2-prefeitura-realiza-sessao-de-fotos-para-incentivar-o-aleitamento-materno.html\">VEJA MAIS FOTOS AQUI<\/a><\/p>\n<div class=\"clear\"><\/div>\n<div class=\"fonte\">Fonte: Nathalia Barbosa &#8211; Assecom\/PMA<\/div>\n","protected":false},"excerpt":{"rendered":"<p>Na tarde desta quarta-feira (16), 10 mulheres realizaram um &#8220;mama\u00e7o&#8221; a favor do aleitamento materno durante o ensaio fotogr\u00e1fico De Peito Aberto. O objetivo da a\u00e7\u00e3o, idealizada pelo Departamento de Comunica\u00e7\u00e3o da Prefeitura de Alcin\u00f3polis, em parceria com a Secretaria Municipal de Sa\u00fade, foi promover o &#8220;Agosto Dourado&#8221; que passou a ser lei em abril [&hellip;]<\/p>\n","protected":false},"author":4,"featured_media":61718,"comment_status":"closed","ping_status":"closed","sticky":false,"template":"","format":"standard","meta":{"footnotes":""},"categories":[18],"tags":[],"class_list":["post-61717","post","type-post","status-publish","format-standard","has-post-thumbnail","hentry","category-alcinopolis"],"_links":{"self":[{"href":"https:\/\/www.ocorreionews.com.br\/acervo-correio\/index.php?rest_route=\/wp\/v2\/posts\/61717","targetHints":{"allow":["GET"]}}],"collection":[{"href":"https:\/\/www.ocorreionews.com.br\/acervo-correio\/index.php?rest_route=\/wp\/v2\/posts"}],"about":[{"href":"https:\/\/www.ocorreionews.com.br\/acervo-correio\/index.php?rest_route=\/wp\/v2\/types\/post"}],"author":[{"embeddable":true,"href":"https:\/\/www.ocorreionews.com.br\/acervo-correio\/index.php?rest_route=\/wp\/v2\/users\/4"}],"replies":[{"embeddable":true,"href":"https:\/\/www.ocorreionews.com.br\/acervo-correio\/index.php?rest_route=%2Fwp%2Fv2%2Fcomments&post=61717"}],"version-history":[{"count":0,"href":"https:\/\/www.ocorreionews.com.br\/acervo-correio\/index.php?rest_route=\/wp\/v2\/posts\/61717\/revisions"}],"wp:featuredmedia":[{"embeddable":true,"href":"https:\/\/www.ocorreionews.com.br\/acervo-correio\/index.php?rest_route=\/wp\/v2\/media\/61718"}],"wp:attachment":[{"href":"https:\/\/www.ocorreionews.com.br\/acervo-correio\/index.php?rest_route=%2Fwp%2Fv2%2Fmedia&parent=61717"}],"wp:term":[{"taxonomy":"category","embeddable":true,"href":"https:\/\/www.ocorreionews.com.br\/acervo-correio\/index.php?rest_route=%2Fwp%2Fv2%2Fcategories&post=61717"},{"taxonomy":"post_tag","embeddable":true,"href":"https:\/\/www.ocorreionews.com.br\/acervo-correio\/index.php?rest_route=%2Fwp%2Fv2%2Ftags&post=61717"}],"curies":[{"name":"wp","href":"https:\/\/api.w.org\/{rel}","templated":true}]}}