{"id":61727,"date":"2017-08-17T21:05:42","date_gmt":"2017-08-18T01:05:42","guid":{"rendered":"https:\/\/ocorreionews.com.br\/?p=61727"},"modified":"2017-08-18T13:31:59","modified_gmt":"2017-08-18T17:31:59","slug":"chapadao-do-sul-participou-do-jems-em-tres-categorias-esportivas-natacao-judo-e-ciclismo","status":"publish","type":"post","link":"https:\/\/www.ocorreionews.com.br\/acervo-correio\/?p=61727","title":{"rendered":"Chapad\u00e3o do Sul participou do JEMS em tr\u00eas categorias esportivas: Nata\u00e7\u00e3o, Jud\u00f4 e Ciclismo"},"content":{"rendered":"<p>Chapad\u00e3o do Sul participou do JEMS, Jogos Escolares de Mato Grosso do Sul, entre os dias 11, 12 e 13 de agosto em Campo Grande, em tr\u00eas categorias esportivas: nata\u00e7\u00e3o, ciclismo e jud\u00f4.<\/p>\n<p><strong>Nata\u00e7\u00e3o<\/strong><\/p>\n<p>Na nata\u00e7\u00e3o, al\u00e9m de Chapad\u00e3o do Sul estavam participando, Campo Grande, Corumb\u00e1, Dourados e Maracaju.<\/p>\n<p>A equipe sul-chapadense tinha na equipe t\u00e9cnica as professoras Alessandra Dutra e Andrieli Moretti, al\u00e9m da estagi\u00e1ria Paula Gra\u00e7a. Os atletas que disputaram foram: \u00c1gata Franco, Eduarda Vieira, Maria Lopes, Marjori de Oliveira, Thais Lobo, Taila Lerner, Maria Pedro, Gustavo da Silva, Gustavo Ger\u00f4nimo, Thobias Rotini, Luis Mazon, F\u00e1bio Pereira Filho e Kaiky de Queiroz.<\/p>\n<p>Na Classifica\u00e7\u00e3o geral Chapad\u00e3o do Sul ficou em 4\u00ba lugar geral com a equipe Masculina e em 4\u00ba lugar com a equipe feminina.<\/p>\n<p><strong>Jud\u00f4<\/strong><\/p>\n<p>No jud\u00f4, Chapad\u00e3o do Sul ficou em 13\u00ba lugar na classifica\u00e7\u00e3o geral da categoria masculina e 12\u00ba na categoria feminina. Vale ressaltar que Chapad\u00e3o do Sul levou seis atletas para participar da competi\u00e7\u00e3o, comandados pelo sensei Fabricio Cardoso.<\/p>\n<p>Na categoria feminina Ana Meneghin foi a 5\u00aa colocada, Caiani da Silva ficou com a 7\u00aa posi\u00e7\u00e3o e Sara Ara\u00fajo na 8\u00aa posi\u00e7\u00e3o. Na categoria masculina Wallifer dos Santos ficou em 5\u00ba lugar, Gabriel Alexandre na 7\u00aa posi\u00e7\u00e3o e Thiago Garcia na 8\u00aa.<\/p>\n<p><strong>Ciclismo<\/strong><\/p>\n<p>No ciclismo, o jovem atleta de apenas 13 anos, Kaw\u00e3h David obteve a classifica\u00e7\u00e3o para os Jogos Escolares da Juventudade, competi\u00e7\u00e3o nacional, na categoria de 12 a 14 anos. A etapa nacional acontece entre os dias 12 a 21 de setembro em Curitiba.<\/p>\n<p>A Prefeitura de Chapad\u00e3o do Sul e a Secretaria de Cultura e Esporte parabenizam todos os atletas e servidores envolvidos, que juntos colaboram para o desenvolvimento esportivo de Chapad\u00e3o do Sul.<\/p>\n<p><img decoding=\"async\" src=\"http:\/\/www.chapadaodosul.ms.gov.br\/admin\/arquivos\/images\/2%2813%29.jpg\" alt=\"\" \/>\u00a0<img decoding=\"async\" src=\"http:\/\/www.chapadaodosul.ms.gov.br\/admin\/arquivos\/images\/3%2814%29.jpg\" alt=\"\" \/><\/p>\n","protected":false},"excerpt":{"rendered":"<p>Chapad\u00e3o do Sul participou do JEMS, Jogos Escolares de Mato Grosso do Sul, entre os dias 11, 12 e 13 de agosto em Campo Grande, em tr\u00eas categorias esportivas: nata\u00e7\u00e3o, ciclismo e jud\u00f4. Nata\u00e7\u00e3o Na nata\u00e7\u00e3o, al\u00e9m de Chapad\u00e3o do Sul estavam participando, Campo Grande, Corumb\u00e1, Dourados e Maracaju. A equipe sul-chapadense tinha na equipe [&hellip;]<\/p>\n","protected":false},"author":4,"featured_media":61728,"comment_status":"closed","ping_status":"closed","sticky":false,"template":"","format":"standard","meta":{"footnotes":""},"categories":[23,29],"tags":[],"class_list":["post-61727","post","type-post","status-publish","format-standard","has-post-thumbnail","hentry","category-chapadao-do-sul","category-esporte"],"_links":{"self":[{"href":"https:\/\/www.ocorreionews.com.br\/acervo-correio\/index.php?rest_route=\/wp\/v2\/posts\/61727","targetHints":{"allow":["GET"]}}],"collection":[{"href":"https:\/\/www.ocorreionews.com.br\/acervo-correio\/index.php?rest_route=\/wp\/v2\/posts"}],"about":[{"href":"https:\/\/www.ocorreionews.com.br\/acervo-correio\/index.php?rest_route=\/wp\/v2\/types\/post"}],"author":[{"embeddable":true,"href":"https:\/\/www.ocorreionews.com.br\/acervo-correio\/index.php?rest_route=\/wp\/v2\/users\/4"}],"replies":[{"embeddable":true,"href":"https:\/\/www.ocorreionews.com.br\/acervo-correio\/index.php?rest_route=%2Fwp%2Fv2%2Fcomments&post=61727"}],"version-history":[{"count":0,"href":"https:\/\/www.ocorreionews.com.br\/acervo-correio\/index.php?rest_route=\/wp\/v2\/posts\/61727\/revisions"}],"wp:featuredmedia":[{"embeddable":true,"href":"https:\/\/www.ocorreionews.com.br\/acervo-correio\/index.php?rest_route=\/wp\/v2\/media\/61728"}],"wp:attachment":[{"href":"https:\/\/www.ocorreionews.com.br\/acervo-correio\/index.php?rest_route=%2Fwp%2Fv2%2Fmedia&parent=61727"}],"wp:term":[{"taxonomy":"category","embeddable":true,"href":"https:\/\/www.ocorreionews.com.br\/acervo-correio\/index.php?rest_route=%2Fwp%2Fv2%2Fcategories&post=61727"},{"taxonomy":"post_tag","embeddable":true,"href":"https:\/\/www.ocorreionews.com.br\/acervo-correio\/index.php?rest_route=%2Fwp%2Fv2%2Ftags&post=61727"}],"curies":[{"name":"wp","href":"https:\/\/api.w.org\/{rel}","templated":true}]}}