{"id":6190,"date":"2015-07-24T15:13:51","date_gmt":"2015-07-24T19:13:51","guid":{"rendered":"https:\/\/ocorreionews.com.br\/?p=6190"},"modified":"2015-07-24T15:13:51","modified_gmt":"2015-07-24T19:13:51","slug":"aulas-na-rede-municipal-retornarao-na-terca-feira-28","status":"publish","type":"post","link":"https:\/\/www.ocorreionews.com.br\/acervo-correio\/?p=6190","title":{"rendered":"Aulas na rede municipal retornar\u00e3o na ter\u00e7a-feira, 28."},"content":{"rendered":"<p>A Secretaria de Educa\u00e7\u00e3o confirmou que as aulas na rede municipal de ensino de Chapad\u00e3o do Sul retornar\u00e3o na ter\u00e7a-feira, dia 28, ap\u00f3s o per\u00edodo de f\u00e9rias do meio de ano.<\/p>\n<p>As escolas da cidade e do campo e os Centros de Educa\u00e7\u00e3o Infantil- CEIs estar\u00e3o preparando diversas atividades para o retorno dos alunos para o segundo semestre escolar.<\/p>\n<p>Durante as f\u00e9rias, que come\u00e7aram no dia 13, os CEIs atenderam apenas as crian\u00e7as das m\u00e3es trabalhadoras, oferecendo atividades com recrea\u00e7\u00e3o com as funcion\u00e1rias da monitoria.<\/p>\n<p>Em 2015, de acordo com relat\u00f3rio divulgado pela Secretaria de Educa\u00e7\u00e3o, a rede municipal de ensino conta com mais de 4 mil alunos.<\/p>\n<p>&nbsp;<\/p>\n<p>&nbsp;<\/p>\n<p>&nbsp;<\/p>\n<p>Assecom- PMCS<\/p>\n","protected":false},"excerpt":{"rendered":"<p>A Secretaria de Educa\u00e7\u00e3o confirmou que as aulas na rede municipal de ensino de Chapad\u00e3o do Sul retornar\u00e3o na ter\u00e7a-feira, dia 28, ap\u00f3s o per\u00edodo de f\u00e9rias do meio de ano. As escolas da cidade e do campo e os Centros de Educa\u00e7\u00e3o Infantil- CEIs estar\u00e3o preparando diversas atividades para o retorno dos alunos para [&hellip;]<\/p>\n","protected":false},"author":4,"featured_media":6191,"comment_status":"closed","ping_status":"closed","sticky":false,"template":"","format":"standard","meta":{"footnotes":""},"categories":[23],"tags":[],"class_list":["post-6190","post","type-post","status-publish","format-standard","has-post-thumbnail","hentry","category-chapadao-do-sul"],"_links":{"self":[{"href":"https:\/\/www.ocorreionews.com.br\/acervo-correio\/index.php?rest_route=\/wp\/v2\/posts\/6190","targetHints":{"allow":["GET"]}}],"collection":[{"href":"https:\/\/www.ocorreionews.com.br\/acervo-correio\/index.php?rest_route=\/wp\/v2\/posts"}],"about":[{"href":"https:\/\/www.ocorreionews.com.br\/acervo-correio\/index.php?rest_route=\/wp\/v2\/types\/post"}],"author":[{"embeddable":true,"href":"https:\/\/www.ocorreionews.com.br\/acervo-correio\/index.php?rest_route=\/wp\/v2\/users\/4"}],"replies":[{"embeddable":true,"href":"https:\/\/www.ocorreionews.com.br\/acervo-correio\/index.php?rest_route=%2Fwp%2Fv2%2Fcomments&post=6190"}],"version-history":[{"count":0,"href":"https:\/\/www.ocorreionews.com.br\/acervo-correio\/index.php?rest_route=\/wp\/v2\/posts\/6190\/revisions"}],"wp:featuredmedia":[{"embeddable":true,"href":"https:\/\/www.ocorreionews.com.br\/acervo-correio\/index.php?rest_route=\/wp\/v2\/media\/6191"}],"wp:attachment":[{"href":"https:\/\/www.ocorreionews.com.br\/acervo-correio\/index.php?rest_route=%2Fwp%2Fv2%2Fmedia&parent=6190"}],"wp:term":[{"taxonomy":"category","embeddable":true,"href":"https:\/\/www.ocorreionews.com.br\/acervo-correio\/index.php?rest_route=%2Fwp%2Fv2%2Fcategories&post=6190"},{"taxonomy":"post_tag","embeddable":true,"href":"https:\/\/www.ocorreionews.com.br\/acervo-correio\/index.php?rest_route=%2Fwp%2Fv2%2Ftags&post=6190"}],"curies":[{"name":"wp","href":"https:\/\/api.w.org\/{rel}","templated":true}]}}