{"id":6200,"date":"2015-07-24T15:29:32","date_gmt":"2015-07-24T19:29:32","guid":{"rendered":"https:\/\/ocorreionews.com.br\/?p=6200"},"modified":"2015-07-24T15:29:32","modified_gmt":"2015-07-24T19:29:32","slug":"paraiso-realiza-a-1a-conferencia-municipal-de-saude","status":"publish","type":"post","link":"https:\/\/www.ocorreionews.com.br\/acervo-correio\/?p=6200","title":{"rendered":"Para\u00edso realiza a 1\u00aa Confer\u00eancia Municipal de Sa\u00fade"},"content":{"rendered":"<p>A Administra\u00e7\u00e3o Municipal convida a todos os moradores de Para\u00edso das \u00c1guas, para participarem da 1\u00aa Confer\u00eancia Municipal de Sa\u00fade, que acontecer\u00e1 no dia 28 de julho, \u00e0s 07:30, no Sal\u00e3o Paroquial.<\/p>\n<p>A coordena\u00e7\u00e3o deste evento ficar\u00e1 a cargo do Conselho Municipal de Sa\u00fade que \u00e9 presidida pelo Padre Jos\u00e9 Alves Macedo.<\/p>\n<p>Compare\u00e7a e d\u00ea sua contribui\u00e7\u00e3o nas a\u00e7\u00f5es administrativas referentes a sa\u00fade p\u00fablica\u00a0de seu munic\u00edpio.<\/p>\n<p>&nbsp;<\/p>\n<p>&nbsp;<\/p>\n<p>&nbsp;<\/p>\n<p>ASSECOM &#8211; Prefeitura Municipal de Para\u00edso das \u00c1guas &#8211; MS<\/p>\n","protected":false},"excerpt":{"rendered":"<p>A Administra\u00e7\u00e3o Municipal convida a todos os moradores de Para\u00edso das \u00c1guas, para participarem da 1\u00aa Confer\u00eancia Municipal de Sa\u00fade, que acontecer\u00e1 no dia 28 de julho, \u00e0s 07:30, no Sal\u00e3o Paroquial. A coordena\u00e7\u00e3o deste evento ficar\u00e1 a cargo do Conselho Municipal de Sa\u00fade que \u00e9 presidida pelo Padre Jos\u00e9 Alves Macedo. Compare\u00e7a e d\u00ea [&hellip;]<\/p>\n","protected":false},"author":4,"featured_media":877,"comment_status":"closed","ping_status":"closed","sticky":false,"template":"","format":"standard","meta":{"footnotes":""},"categories":[36],"tags":[],"class_list":["post-6200","post","type-post","status-publish","format-standard","has-post-thumbnail","hentry","category-paraiso-das-aguas"],"_links":{"self":[{"href":"https:\/\/www.ocorreionews.com.br\/acervo-correio\/index.php?rest_route=\/wp\/v2\/posts\/6200","targetHints":{"allow":["GET"]}}],"collection":[{"href":"https:\/\/www.ocorreionews.com.br\/acervo-correio\/index.php?rest_route=\/wp\/v2\/posts"}],"about":[{"href":"https:\/\/www.ocorreionews.com.br\/acervo-correio\/index.php?rest_route=\/wp\/v2\/types\/post"}],"author":[{"embeddable":true,"href":"https:\/\/www.ocorreionews.com.br\/acervo-correio\/index.php?rest_route=\/wp\/v2\/users\/4"}],"replies":[{"embeddable":true,"href":"https:\/\/www.ocorreionews.com.br\/acervo-correio\/index.php?rest_route=%2Fwp%2Fv2%2Fcomments&post=6200"}],"version-history":[{"count":0,"href":"https:\/\/www.ocorreionews.com.br\/acervo-correio\/index.php?rest_route=\/wp\/v2\/posts\/6200\/revisions"}],"wp:featuredmedia":[{"embeddable":true,"href":"https:\/\/www.ocorreionews.com.br\/acervo-correio\/index.php?rest_route=\/wp\/v2\/media\/877"}],"wp:attachment":[{"href":"https:\/\/www.ocorreionews.com.br\/acervo-correio\/index.php?rest_route=%2Fwp%2Fv2%2Fmedia&parent=6200"}],"wp:term":[{"taxonomy":"category","embeddable":true,"href":"https:\/\/www.ocorreionews.com.br\/acervo-correio\/index.php?rest_route=%2Fwp%2Fv2%2Fcategories&post=6200"},{"taxonomy":"post_tag","embeddable":true,"href":"https:\/\/www.ocorreionews.com.br\/acervo-correio\/index.php?rest_route=%2Fwp%2Fv2%2Ftags&post=6200"}],"curies":[{"name":"wp","href":"https:\/\/api.w.org\/{rel}","templated":true}]}}