{"id":6214,"date":"2015-07-25T08:46:26","date_gmt":"2015-07-25T12:46:26","guid":{"rendered":"https:\/\/ocorreionews.com.br\/?p=6214"},"modified":"2015-07-25T08:46:26","modified_gmt":"2015-07-25T12:46:26","slug":"patrono-julio-martins-fez-doacao-de-novas-mesas-e-cadeiras-para-o-ctg","status":"publish","type":"post","link":"https:\/\/www.ocorreionews.com.br\/acervo-correio\/?p=6214","title":{"rendered":"Patrono J\u00falio Martins fez doa\u00e7\u00e3o de novas mesas e cadeiras para o CTG"},"content":{"rendered":"<p style=\"text-align: justify;\">O Patrono do CTG, J\u00falio Alves Martins, fez a doa\u00e7\u00e3o de 100 mesas e 600 novas cadeiras para o CTG \u2013 Cultivando a Tradi\u00e7\u00e3o. J\u00falio Martins \u00e9 um \u00e1rduo amante da cultura ga\u00facha e tem um carinho todo especial pelo CTG, entidade essa que ele ajudou a criar, com a doa\u00e7\u00e3o de todo o terreno onde hoje est\u00e1 constru\u00eddo a sede.<\/p>\n<p style=\"text-align: justify;\">O Patrono J\u00falio Martins, afirmou que o CTG \u00e9 um orgulho para o Chapad\u00e3o do Sul, \u00e9 a entidade que mantem viva as tradi\u00e7\u00f5es do Rio Grande e que merece ter coisas bonitas, por isso ele resolveu fazer esse patroc\u00ednio, para que CTG recebam bem os participantes dos seus eventos.<\/p>\n<p style=\"text-align: justify;\">Nesta sexta-feira 24, o patr\u00e3o do CTG Ant\u00f4nio Assun\u00e7\u00e3o fez um convite para o patrono J\u00falio Martins, onde apresentou as novas cadeiras e mesas.<\/p>\n<p style=\"text-align: justify;\">J\u00falio Martins, parabenizou o trabalho que a atual patronagem vem realizando frente ao CTG, pela responsabilidade em transformar em melhorias para a entidade todo o lucro arrecadado em eventos.<\/p>\n<p style=\"text-align: justify;\">Ao final da visita, J\u00falio Martins fez uma exig\u00eancia e o mesmo tempo uma cobran\u00e7a ao Patr\u00e3o Toninho e sua equipe, que permane\u00e7am por mais um ano frente a patronagem do CTG.<\/p>\n","protected":false},"excerpt":{"rendered":"<p>O Patrono do CTG, J\u00falio Alves Martins, fez a doa\u00e7\u00e3o de 100 mesas e 600 novas cadeiras para o CTG \u2013 Cultivando a Tradi\u00e7\u00e3o. J\u00falio Martins \u00e9 um \u00e1rduo amante da cultura ga\u00facha e tem um carinho todo especial pelo CTG, entidade essa que ele ajudou a criar, com a doa\u00e7\u00e3o de todo o terreno [&hellip;]<\/p>\n","protected":false},"author":4,"featured_media":6215,"comment_status":"closed","ping_status":"closed","sticky":false,"template":"","format":"standard","meta":{"footnotes":""},"categories":[23],"tags":[],"class_list":["post-6214","post","type-post","status-publish","format-standard","has-post-thumbnail","hentry","category-chapadao-do-sul"],"_links":{"self":[{"href":"https:\/\/www.ocorreionews.com.br\/acervo-correio\/index.php?rest_route=\/wp\/v2\/posts\/6214","targetHints":{"allow":["GET"]}}],"collection":[{"href":"https:\/\/www.ocorreionews.com.br\/acervo-correio\/index.php?rest_route=\/wp\/v2\/posts"}],"about":[{"href":"https:\/\/www.ocorreionews.com.br\/acervo-correio\/index.php?rest_route=\/wp\/v2\/types\/post"}],"author":[{"embeddable":true,"href":"https:\/\/www.ocorreionews.com.br\/acervo-correio\/index.php?rest_route=\/wp\/v2\/users\/4"}],"replies":[{"embeddable":true,"href":"https:\/\/www.ocorreionews.com.br\/acervo-correio\/index.php?rest_route=%2Fwp%2Fv2%2Fcomments&post=6214"}],"version-history":[{"count":0,"href":"https:\/\/www.ocorreionews.com.br\/acervo-correio\/index.php?rest_route=\/wp\/v2\/posts\/6214\/revisions"}],"wp:featuredmedia":[{"embeddable":true,"href":"https:\/\/www.ocorreionews.com.br\/acervo-correio\/index.php?rest_route=\/wp\/v2\/media\/6215"}],"wp:attachment":[{"href":"https:\/\/www.ocorreionews.com.br\/acervo-correio\/index.php?rest_route=%2Fwp%2Fv2%2Fmedia&parent=6214"}],"wp:term":[{"taxonomy":"category","embeddable":true,"href":"https:\/\/www.ocorreionews.com.br\/acervo-correio\/index.php?rest_route=%2Fwp%2Fv2%2Fcategories&post=6214"},{"taxonomy":"post_tag","embeddable":true,"href":"https:\/\/www.ocorreionews.com.br\/acervo-correio\/index.php?rest_route=%2Fwp%2Fv2%2Ftags&post=6214"}],"curies":[{"name":"wp","href":"https:\/\/api.w.org\/{rel}","templated":true}]}}