{"id":623,"date":"2015-05-02T16:34:24","date_gmt":"2015-05-02T20:34:24","guid":{"rendered":"https:\/\/ocorreionews.com.br\/?p=623"},"modified":"2018-08-20T22:33:52","modified_gmt":"2018-08-21T02:33:52","slug":"ilton-sugeriu-aplicacao-do-fumace-por-meio-de-aviacao-agricola","status":"publish","type":"post","link":"https:\/\/www.ocorreionews.com.br\/acervo-correio\/?p=623","title":{"rendered":"Ilton sugeriu aplica\u00e7\u00e3o do fumac\u00ea por meio de avia\u00e7\u00e3o agr\u00edcola"},"content":{"rendered":"<p>O vereador iniciou suas palavras comentando sobre a reuni\u00e3o com Sindicato Rural, onde os membros da diretora comentaram sobre a EXPOSUL, esclarecendo d\u00favidas sobre a festa e os planos para a exposi\u00e7\u00e3o em 2015.<\/p>\n<p>&nbsp;<\/p>\n<p>Ilton comentou tamb\u00e9m sobre a paraliza\u00e7\u00e3o dos caminhoneiros, que segundo ele, dever\u00e1 ser continuada em breve e que est\u00e1 sendo realizada devido a um acordo firmado com o governo federal e que n\u00e3o tem sido cumprido. O vereador afirmou que algumas cidade come\u00e7aram uma paraliza\u00e7\u00e3o geral e que a tend\u00eancia \u00e9 que esta paraliza\u00e7\u00e3o se estenda ao pa\u00eds todo.<\/p>\n<p>&nbsp;<\/p>\n<p>Afirmou que esteve com a Secretaria de Governo, e que a lei do CHIP est\u00e1 parada em fun\u00e7\u00e3o da parceria com o Gileade ainda n\u00e3o ter recebido um parecer jur\u00eddico favor\u00e1vel, e que a assessoria jur\u00eddica da prefeitura est\u00e1 deixando a desejar. Segundo o vereador n\u00e3o adianta colocar em pr\u00e1tica o projeto sem saber se \u00e9 legal.<\/p>\n<p>&nbsp;<\/p>\n<p>Sobre a dengue, Ilton sugeriu ainda que fosse feita aplica\u00e7\u00e3o do fumac\u00ea por meio de avia\u00e7\u00e3o agr\u00edcola, mas que entende que o assunto \u00e9 pol\u00eamico, uma vez que muitas pessoas s\u00e3o contra o procedimento. Segundo ela \u00e9 necess\u00e1rio que se tenha um estudo ambiental sobre o caso, mas que se fosse feito, o problema seria rapidamente solucionado.<\/p>\n<p>&nbsp;<\/p>\n<p>Em rela\u00e7\u00e3o a remo\u00e7\u00e3o das antenas de TV, Ilton concordou que houve uma falha de comunica\u00e7\u00e3o e que a prefeitura deveria ter informado a c\u00e2mara e tamb\u00e9m a popula\u00e7\u00e3o sobre o assunto, mas que tudo j\u00e1 est\u00e1 solucionado e os canais j\u00e1 est\u00e3o funcionando com exce\u00e7\u00e3o do canal bandeirantes.<\/p>\n<p>O vereador comentou sobre as obras de pavimenta\u00e7\u00e3o do trecho de liga\u00e7\u00e3o \u00e0 UFMS, segundo ele com a chuva fica dif\u00edcil dar continuidade \u00e1s obras naquele local, mas que com a estiagem tudo ser\u00e1 solucionado em breve. Afirmou ainda que a administra\u00e7\u00e3o municipal est\u00e1 pleiteando junto ao governo estadual algumas obras de drenagem no Parque Uni\u00e3o, que necessita das obras urgente.<\/p>\n<p>Ilton finalizou suas palavras comentando sobre a limpeza dos terrenos particulares ser feita pela prefeitura e posteriormente cobrada dos donos dos terrenos por meio do IPTU, segundo o vereador seria uma forma de solucionar o problema e de arrecadar fundos par ao munic\u00edpio.<\/p>\n<p>Natalia Scher Assessoria<\/p>\n<p>&nbsp;<\/p>\n","protected":false},"excerpt":{"rendered":"<p>O vereador iniciou suas palavras comentando sobre a reuni\u00e3o com Sindicato Rural, onde os membros da diretora comentaram sobre a EXPOSUL, esclarecendo d\u00favidas sobre a festa e os planos para a exposi\u00e7\u00e3o em 2015. &nbsp; Ilton comentou tamb\u00e9m sobre a paraliza\u00e7\u00e3o dos caminhoneiros, que segundo ele, dever\u00e1 ser continuada em breve e que est\u00e1 sendo [&hellip;]<\/p>\n","protected":false},"author":4,"featured_media":625,"comment_status":"closed","ping_status":"closed","sticky":false,"template":"","format":"standard","meta":{"footnotes":""},"categories":[20],"tags":[],"class_list":["post-623","post","type-post","status-publish","format-standard","has-post-thumbnail","hentry","category-camara-municipal"],"_links":{"self":[{"href":"https:\/\/www.ocorreionews.com.br\/acervo-correio\/index.php?rest_route=\/wp\/v2\/posts\/623","targetHints":{"allow":["GET"]}}],"collection":[{"href":"https:\/\/www.ocorreionews.com.br\/acervo-correio\/index.php?rest_route=\/wp\/v2\/posts"}],"about":[{"href":"https:\/\/www.ocorreionews.com.br\/acervo-correio\/index.php?rest_route=\/wp\/v2\/types\/post"}],"author":[{"embeddable":true,"href":"https:\/\/www.ocorreionews.com.br\/acervo-correio\/index.php?rest_route=\/wp\/v2\/users\/4"}],"replies":[{"embeddable":true,"href":"https:\/\/www.ocorreionews.com.br\/acervo-correio\/index.php?rest_route=%2Fwp%2Fv2%2Fcomments&post=623"}],"version-history":[{"count":0,"href":"https:\/\/www.ocorreionews.com.br\/acervo-correio\/index.php?rest_route=\/wp\/v2\/posts\/623\/revisions"}],"wp:featuredmedia":[{"embeddable":true,"href":"https:\/\/www.ocorreionews.com.br\/acervo-correio\/index.php?rest_route=\/wp\/v2\/media\/625"}],"wp:attachment":[{"href":"https:\/\/www.ocorreionews.com.br\/acervo-correio\/index.php?rest_route=%2Fwp%2Fv2%2Fmedia&parent=623"}],"wp:term":[{"taxonomy":"category","embeddable":true,"href":"https:\/\/www.ocorreionews.com.br\/acervo-correio\/index.php?rest_route=%2Fwp%2Fv2%2Fcategories&post=623"},{"taxonomy":"post_tag","embeddable":true,"href":"https:\/\/www.ocorreionews.com.br\/acervo-correio\/index.php?rest_route=%2Fwp%2Fv2%2Ftags&post=623"}],"curies":[{"name":"wp","href":"https:\/\/api.w.org\/{rel}","templated":true}]}}