{"id":627,"date":"2015-05-02T16:36:31","date_gmt":"2015-05-02T20:36:31","guid":{"rendered":"https:\/\/ocorreionews.com.br\/?p=627"},"modified":"2018-08-20T22:33:52","modified_gmt":"2018-08-21T02:33:52","slug":"pauta-da-sessao-ordinaria-desta-segunda-feira-dia-4-de-maio","status":"publish","type":"post","link":"https:\/\/www.ocorreionews.com.br\/acervo-correio\/?p=627","title":{"rendered":"Pauta da Sess\u00e3o Ordin\u00e1ria desta segunda-feira, dia 4 de maio"},"content":{"rendered":"<div class=\"home-slides-content-right\">\n<p align=\"center\"><strong>PAUTA PARA A 1058\u00aa SESS\u00c3O ORDIN\u00c1RIA,<\/strong><\/p>\n<p align=\"center\"><strong>DA 3\u00aa<\/strong><strong>\u00a0<\/strong><strong>SESS\u00c3O<\/strong><strong>\u00a0<\/strong><strong>LEGISLATIVA,<\/strong><\/p>\n<p align=\"center\"><strong>DA 7\u00aa LEGISLATURA, A REALIZAR-SE<\/strong><\/p>\n<p align=\"center\"><strong>NO DIA 04\/05\/2015 \u2013 SEGUNDA -FEIRA<\/strong><\/p>\n<p align=\"center\"><strong>\u00c0S 19h<br \/>\n<\/strong><\/p>\n<p align=\"center\"><strong>EXPEDIENTE DE VEREADORES<\/strong><\/p>\n<p><strong>\u00a0 INDICA\u00c7\u00c3O N\u00ba 556\/2015 \u2013 VER. ELTON SILVA<\/strong><\/p>\n<p>INDICO \u00e0 Mesa, na forma regimental, e depois de ouvido o Douto Plen\u00e1rio de Delibera\u00e7\u00f5es, o envio de expediente ao Prefeito Municipal, Luiz Felipe Barreto de Magalh\u00e3es, com c\u00f3pia Secret\u00e1ria de Educa\u00e7\u00e3o, Vainer Estela Martins Andr\u00e9, solicitando a instala\u00e7\u00e3o de alambrado (tela) ao redor da quadra esportiva da Escola Municipal Erico Verissimo.<\/p>\n<p><strong>INDICA\u00c7\u00c3O N\u00ba 557\/2015 \u2013 VER. ELTON SILVA<\/strong><\/p>\n<p>INDICO \u00e0 Mesa, na forma regimental, e depois de ouvido o Douto Plen\u00e1rio de Delibera\u00e7\u00f5es, o envio de expediente ao Prefeito Municipal, Luiz Felipe Barreto de Magalh\u00e3es, com c\u00f3pia ao Secret\u00e1rio de Obras, Transportes e Servi\u00e7os P\u00fablicos, Waldemar Mendon\u00e7a, solicitando a execu\u00e7\u00e3o de benfeitorias no Aeroporto Municipal J\u00falio Alves Martins, tais como: a substitui\u00e7\u00e3o de l\u00e2mpadas que est\u00e3o queimadas, a substitui\u00e7\u00e3o da porta, da sala de entrada, e a poda da vegeta\u00e7\u00e3o, que est\u00e1 muito alta.<\/p>\n<p><strong>INDICA\u00c7\u00c3O N\u00ba 558\/2015 \u2013 VER. ELTON SILVA<\/strong><\/p>\n<p>INDICO \u00e0 Mesa, na forma regimental, e depois de ouvido o Douto Plen\u00e1rio de Delibera\u00e7\u00f5es, o envio de expediente ao Prefeito Municipal, Luiz Felipe Barreto de Magalh\u00e3es, com c\u00f3pia ao Secret\u00e1rio de Obras, Transportes e Servi\u00e7os P\u00fablicos, Waldemar Mendon\u00e7a, solicitando a transfer\u00eancia de local da placa de inaugura\u00e7\u00e3o do Bairro Boa Vista, alocada na Rua P. 15, pelo Governo Estadual em 2011.<\/p>\n<p><strong>INDICA\u00c7\u00c3O N\u00ba 559\/2015 \u2013 VER. ELTON SILVA<\/strong><\/p>\n<p>INDICO \u00e0 Mesa, na forma regimental, e depois de ouvido o Douto Plen\u00e1rio de Delibera\u00e7\u00f5es, o envio de expediente a Presidente da C\u00e2mara Municipal, Vereadora S\u00f4nia Maran, no sentido de que esta Casa promova a concess\u00e3o de T\u00edtulos de Cidad\u00e3os Sul Chapadenses, uma vez que a \u00faltima entrega de t\u00edtulos dessa messe aconteceu h\u00e1 quatro anos.<\/p>\n<p><strong>INDICA\u00c7\u00c3O N\u00ba 560\/2015 \u2013 VER. S\u00d4NIA MARAN<\/strong><\/p>\n<p>INDICO \u00e0 Mesa, na forma regimental, e depois de ouvido o Douto Plen\u00e1rio de Delibera\u00e7\u00f5es, o envio de expediente ao Prefeito Municipal, Luiz Felipe Barreto de Magalh\u00e3es, com c\u00f3pia ao Secret\u00e1rio de Obras, Transportes e Servi\u00e7os P\u00fablicos, Waldemar Mendon\u00e7a, solicitando que seja feito uma tubula\u00e7\u00e3o na continuidade da Avenida Curitiba, esquina com a Rua Lapa, e que ap\u00f3s a instala\u00e7\u00e3o dessa tubula\u00e7\u00e3o, seja feito uma pra\u00e7a simples, para caminhada e parquinho para crian\u00e7as desfrutarem.<\/p>\n<p><strong>MO\u00c7\u00c3O DE CONGRATULA\u00c7\u00c3O N\u00ba 95\/2015 \u2013 VER. S\u00d4NIA MARAN<\/strong><\/p>\n<p>A Vereadora S\u00f4nia Maran, da C\u00e2mara Municipal de Chapad\u00e3o do Sul, que esta subscreve, dispensadas as formalidades regimentais, encaminha MO\u00c7\u00c3O DE CONGRATULA\u00c7\u00c3O, ao SD PM ALTIMAR, pela prontid\u00e3o e coragem com que agiu, na ocasi\u00e3o em que mesmo encontrando-se de folga, tomou conhecimento do fato enquanto a GU PM fazia preserva\u00e7\u00e3o do local e sozinho em uma motocicleta saiu em dilig\u00eancia e efetuou a pris\u00e3o de dois homens (autores) de grande periculosidade.<\/p>\n<p>&nbsp;<\/p>\n<p align=\"center\"><strong>ORDEM DO DIA<\/strong><\/p>\n<p><strong>\u00a0<\/strong><strong>PROJETO DE LEI N\u00ba 125\/2015 \u2013 MESA DIRETORA<\/strong><\/p>\n<p>\u201cAltera o artigo 3\u00ba da Lei 983, de 15 de maio de 2014, e d\u00e1 outras provid\u00eancias\u201d.<\/p>\n<p align=\"center\">\u00a0SECRETARIA DAS SESS\u00d5ES, 30 DE ABRIL DE 2015.<\/p>\n<p align=\"center\">Jacqueline C. Tomiazzi Belotti,<\/p>\n<p align=\"center\">Diretora de Atividade Parlamentar.<\/p>\n<p align=\"center\">\n<\/div>\n","protected":false},"excerpt":{"rendered":"<p>PAUTA PARA A 1058\u00aa SESS\u00c3O ORDIN\u00c1RIA, DA 3\u00aa\u00a0SESS\u00c3O\u00a0LEGISLATIVA, DA 7\u00aa LEGISLATURA, A REALIZAR-SE NO DIA 04\/05\/2015 \u2013 SEGUNDA -FEIRA \u00c0S 19h EXPEDIENTE DE VEREADORES \u00a0 INDICA\u00c7\u00c3O N\u00ba 556\/2015 \u2013 VER. ELTON SILVA INDICO \u00e0 Mesa, na forma regimental, e depois de ouvido o Douto Plen\u00e1rio de Delibera\u00e7\u00f5es, o envio de expediente ao Prefeito Municipal, Luiz [&hellip;]<\/p>\n","protected":false},"author":4,"featured_media":628,"comment_status":"closed","ping_status":"closed","sticky":false,"template":"","format":"standard","meta":{"footnotes":""},"categories":[20,41],"tags":[],"class_list":["post-627","post","type-post","status-publish","format-standard","has-post-thumbnail","hentry","category-camara-municipal","category-destaque"],"_links":{"self":[{"href":"https:\/\/www.ocorreionews.com.br\/acervo-correio\/index.php?rest_route=\/wp\/v2\/posts\/627","targetHints":{"allow":["GET"]}}],"collection":[{"href":"https:\/\/www.ocorreionews.com.br\/acervo-correio\/index.php?rest_route=\/wp\/v2\/posts"}],"about":[{"href":"https:\/\/www.ocorreionews.com.br\/acervo-correio\/index.php?rest_route=\/wp\/v2\/types\/post"}],"author":[{"embeddable":true,"href":"https:\/\/www.ocorreionews.com.br\/acervo-correio\/index.php?rest_route=\/wp\/v2\/users\/4"}],"replies":[{"embeddable":true,"href":"https:\/\/www.ocorreionews.com.br\/acervo-correio\/index.php?rest_route=%2Fwp%2Fv2%2Fcomments&post=627"}],"version-history":[{"count":0,"href":"https:\/\/www.ocorreionews.com.br\/acervo-correio\/index.php?rest_route=\/wp\/v2\/posts\/627\/revisions"}],"wp:featuredmedia":[{"embeddable":true,"href":"https:\/\/www.ocorreionews.com.br\/acervo-correio\/index.php?rest_route=\/wp\/v2\/media\/628"}],"wp:attachment":[{"href":"https:\/\/www.ocorreionews.com.br\/acervo-correio\/index.php?rest_route=%2Fwp%2Fv2%2Fmedia&parent=627"}],"wp:term":[{"taxonomy":"category","embeddable":true,"href":"https:\/\/www.ocorreionews.com.br\/acervo-correio\/index.php?rest_route=%2Fwp%2Fv2%2Fcategories&post=627"},{"taxonomy":"post_tag","embeddable":true,"href":"https:\/\/www.ocorreionews.com.br\/acervo-correio\/index.php?rest_route=%2Fwp%2Fv2%2Ftags&post=627"}],"curies":[{"name":"wp","href":"https:\/\/api.w.org\/{rel}","templated":true}]}}