{"id":6358,"date":"2015-07-28T07:56:03","date_gmt":"2015-07-28T11:56:03","guid":{"rendered":"https:\/\/ocorreionews.com.br\/?p=6358"},"modified":"2015-07-28T07:56:03","modified_gmt":"2015-07-28T11:56:03","slug":"aulas-da-eja-na-escola-drummond-de-andrade-retornarao-no-dia-04-de-agosto","status":"publish","type":"post","link":"https:\/\/www.ocorreionews.com.br\/acervo-correio\/?p=6358","title":{"rendered":"Aulas da EJA na Escola Drummond de Andrade retornar\u00e3o no dia 04 de agosto"},"content":{"rendered":"<p>A Secretaria de Educa\u00e7\u00e3o divulgou nota informando todos os alunos que as aulas da Educa\u00e7\u00e3o de Jovens e Adultos da Escola Carlos Drummond de Andrade retornar\u00e3o no dia 04 de agosto.<\/p>\n<p>Hoje, 28, todos os alunos da rede municipal de ensino retornaram as salas de aulas para o segundo semestre escolar, e o per\u00edodo de f\u00e9rias da EJA foi estendido por mais uma semana, recome\u00e7ando na pr\u00f3xima ter\u00e7a-feira.<\/p>\n<p>A Educa\u00e7\u00e3o oferece aulas noturnas na Escola Carlos Drummond de Andrade para todas as fases do 1\u00ba e 2\u00ba segmento do ensino fundamental.<\/p>\n<p>&nbsp;<\/p>\n<p>&nbsp;<\/p>\n<p>Assecom PMCS<\/p>\n","protected":false},"excerpt":{"rendered":"<p>A Secretaria de Educa\u00e7\u00e3o divulgou nota informando todos os alunos que as aulas da Educa\u00e7\u00e3o de Jovens e Adultos da Escola Carlos Drummond de Andrade retornar\u00e3o no dia 04 de agosto. Hoje, 28, todos os alunos da rede municipal de ensino retornaram as salas de aulas para o segundo semestre escolar, e o per\u00edodo de [&hellip;]<\/p>\n","protected":false},"author":4,"featured_media":6359,"comment_status":"closed","ping_status":"closed","sticky":false,"template":"","format":"standard","meta":{"footnotes":""},"categories":[23],"tags":[],"class_list":["post-6358","post","type-post","status-publish","format-standard","has-post-thumbnail","hentry","category-chapadao-do-sul"],"_links":{"self":[{"href":"https:\/\/www.ocorreionews.com.br\/acervo-correio\/index.php?rest_route=\/wp\/v2\/posts\/6358","targetHints":{"allow":["GET"]}}],"collection":[{"href":"https:\/\/www.ocorreionews.com.br\/acervo-correio\/index.php?rest_route=\/wp\/v2\/posts"}],"about":[{"href":"https:\/\/www.ocorreionews.com.br\/acervo-correio\/index.php?rest_route=\/wp\/v2\/types\/post"}],"author":[{"embeddable":true,"href":"https:\/\/www.ocorreionews.com.br\/acervo-correio\/index.php?rest_route=\/wp\/v2\/users\/4"}],"replies":[{"embeddable":true,"href":"https:\/\/www.ocorreionews.com.br\/acervo-correio\/index.php?rest_route=%2Fwp%2Fv2%2Fcomments&post=6358"}],"version-history":[{"count":0,"href":"https:\/\/www.ocorreionews.com.br\/acervo-correio\/index.php?rest_route=\/wp\/v2\/posts\/6358\/revisions"}],"wp:featuredmedia":[{"embeddable":true,"href":"https:\/\/www.ocorreionews.com.br\/acervo-correio\/index.php?rest_route=\/wp\/v2\/media\/6359"}],"wp:attachment":[{"href":"https:\/\/www.ocorreionews.com.br\/acervo-correio\/index.php?rest_route=%2Fwp%2Fv2%2Fmedia&parent=6358"}],"wp:term":[{"taxonomy":"category","embeddable":true,"href":"https:\/\/www.ocorreionews.com.br\/acervo-correio\/index.php?rest_route=%2Fwp%2Fv2%2Fcategories&post=6358"},{"taxonomy":"post_tag","embeddable":true,"href":"https:\/\/www.ocorreionews.com.br\/acervo-correio\/index.php?rest_route=%2Fwp%2Fv2%2Ftags&post=6358"}],"curies":[{"name":"wp","href":"https:\/\/api.w.org\/{rel}","templated":true}]}}