{"id":6364,"date":"2015-07-28T07:58:13","date_gmt":"2015-07-28T11:58:13","guid":{"rendered":"https:\/\/ocorreionews.com.br\/?p=6364"},"modified":"2015-07-28T07:58:13","modified_gmt":"2015-07-28T11:58:13","slug":"diretor-do-demutran-busca-parcerias-para-projeto-de-ciclovias-em-chapadao-do-sul","status":"publish","type":"post","link":"https:\/\/www.ocorreionews.com.br\/acervo-correio\/?p=6364","title":{"rendered":"Diretor do DEMUTRAN busca parcerias para projeto de ciclovias em Chapad\u00e3o do Sul"},"content":{"rendered":"<p style=\"text-align: justify;\">O Diretor do Departamento Municipal de Tr\u00e2nsito de Chapad\u00e3o do Sul, Jos\u00e9 Vicente de Freitas est\u00e1 buscando parcerias para o projeto de ciclovias na cidade.<\/p>\n<p style=\"text-align: justify;\">Com a parceria do Detran\/MS, foi feito um amplo diagn\u00f3stico com a elabora\u00e7\u00e3o de um novo Projeto de sinaliza\u00e7\u00e3o vi\u00e1ria urbana, que prev\u00ea a implanta\u00e7\u00e3o do sistema bin\u00e1rio. Esse projeto contempla tamb\u00e9m a implanta\u00e7\u00e3o de ciclovias, contudo demanda interven\u00e7\u00f5es na infraestrutura e recursos para execu\u00e7\u00e3o.<\/p>\n<p style=\"text-align: justify;\">Na quarta-feira, dia 22, o Diretor de Tr\u00e2nsito esteve na capital e participou de reuni\u00e3o com engenheiros e a diretora do Detran, Marlene Rondon, pedindo o apoio no projeto.<\/p>\n<p style=\"text-align: justify;\">Tamb\u00e9m na semana passada, Jos\u00e9 Vicente teve reuni\u00e3o com a promotora de justi\u00e7a da Comarca, Fernanda Azambuja para apresentar o projeto bin\u00e1rio e o pr\u00e9-projeto das ciclovias.<\/p>\n<p style=\"text-align: justify;\">Desde que iniciou a elabora\u00e7\u00e3o dos novos projetos de tr\u00e2nsito da cidade, o Demutran vem promovendo reuni\u00f5es com todas as autoridades da cidade.<\/p>\n<figure style=\"width: 547px\" class=\"wp-caption alignnone\"><img loading=\"lazy\" decoding=\"async\" class=\"\" src=\"http:\/\/www.chapadaodosul.ms.gov.br\/admin\/arquivos\/images\/Marlene%20Rondon%20%281%29.jpg\" alt=\"\" width=\"547\" height=\"410\" \/><figcaption class=\"wp-caption-text\">Jos\u00e9 Vicente e a diretora do Detran.<\/figcaption><\/figure>\n","protected":false},"excerpt":{"rendered":"<p>O Diretor do Departamento Municipal de Tr\u00e2nsito de Chapad\u00e3o do Sul, Jos\u00e9 Vicente de Freitas est\u00e1 buscando parcerias para o projeto de ciclovias na cidade. Com a parceria do Detran\/MS, foi feito um amplo diagn\u00f3stico com a elabora\u00e7\u00e3o de um novo Projeto de sinaliza\u00e7\u00e3o vi\u00e1ria urbana, que prev\u00ea a implanta\u00e7\u00e3o do sistema bin\u00e1rio. Esse projeto [&hellip;]<\/p>\n","protected":false},"author":4,"featured_media":6365,"comment_status":"closed","ping_status":"closed","sticky":false,"template":"","format":"standard","meta":{"footnotes":""},"categories":[23],"tags":[],"class_list":["post-6364","post","type-post","status-publish","format-standard","has-post-thumbnail","hentry","category-chapadao-do-sul"],"_links":{"self":[{"href":"https:\/\/www.ocorreionews.com.br\/acervo-correio\/index.php?rest_route=\/wp\/v2\/posts\/6364","targetHints":{"allow":["GET"]}}],"collection":[{"href":"https:\/\/www.ocorreionews.com.br\/acervo-correio\/index.php?rest_route=\/wp\/v2\/posts"}],"about":[{"href":"https:\/\/www.ocorreionews.com.br\/acervo-correio\/index.php?rest_route=\/wp\/v2\/types\/post"}],"author":[{"embeddable":true,"href":"https:\/\/www.ocorreionews.com.br\/acervo-correio\/index.php?rest_route=\/wp\/v2\/users\/4"}],"replies":[{"embeddable":true,"href":"https:\/\/www.ocorreionews.com.br\/acervo-correio\/index.php?rest_route=%2Fwp%2Fv2%2Fcomments&post=6364"}],"version-history":[{"count":0,"href":"https:\/\/www.ocorreionews.com.br\/acervo-correio\/index.php?rest_route=\/wp\/v2\/posts\/6364\/revisions"}],"wp:featuredmedia":[{"embeddable":true,"href":"https:\/\/www.ocorreionews.com.br\/acervo-correio\/index.php?rest_route=\/wp\/v2\/media\/6365"}],"wp:attachment":[{"href":"https:\/\/www.ocorreionews.com.br\/acervo-correio\/index.php?rest_route=%2Fwp%2Fv2%2Fmedia&parent=6364"}],"wp:term":[{"taxonomy":"category","embeddable":true,"href":"https:\/\/www.ocorreionews.com.br\/acervo-correio\/index.php?rest_route=%2Fwp%2Fv2%2Fcategories&post=6364"},{"taxonomy":"post_tag","embeddable":true,"href":"https:\/\/www.ocorreionews.com.br\/acervo-correio\/index.php?rest_route=%2Fwp%2Fv2%2Ftags&post=6364"}],"curies":[{"name":"wp","href":"https:\/\/api.w.org\/{rel}","templated":true}]}}