{"id":6378,"date":"2015-07-28T08:51:06","date_gmt":"2015-07-28T12:51:06","guid":{"rendered":"https:\/\/ocorreionews.com.br\/?p=6378"},"modified":"2015-07-28T08:52:48","modified_gmt":"2015-07-28T12:52:48","slug":"dia-1o-de-agosto-paraiso-das-aguas-inaugura-sua-radio-comunitaria","status":"publish","type":"post","link":"https:\/\/www.ocorreionews.com.br\/acervo-correio\/?p=6378","title":{"rendered":"Dia 1\u00ba de agosto, Para\u00edso das \u00c1guas inaugura sua R\u00e1dio Comunit\u00e1ria"},"content":{"rendered":"<p><span style=\"font-family: helvetica; font-size: small;\">O munic\u00edpio de Para\u00edso das \u00c1guas comemora com muita emo\u00e7\u00e3o e alegria a chegada de sua 1\u00aa emissora de r\u00e1dio comunit\u00e1ria, a <b>FM PARA\u00cdSO 87.9<\/b>. A r\u00e1dio iniciar\u00e1 sua atividades no dia 1\u00ba de agosto, pr\u00f3ximo s\u00e1bado, \u00e0s 09h da manh\u00e3, na Avenida Manoel Rodrigues da Cruz, 275, sala &#8220;04&#8221;, 1\u00ba andar, no Centro de Para\u00edso das \u00c1guas.<\/span><\/p>\n<div><span style=\"font-family: helvetica; font-size: small;\">\u00a0<\/span><\/div>\n<div><span style=\"font-family: helvetica; font-size: small;\">A r\u00e1dio \u00e9 um sonho da popula\u00e7\u00e3o e em especial da diretoria da Associa\u00e7\u00e3o Comunit\u00e1ria de Desenvolvimento Art\u00edstico e Cultural do Para\u00edso das \u00c1guas &#8211; ASCOPA, que tem como presidente o advogado, empres\u00e1rio e radialista, Dr. Sebasti\u00e3o L\u00e1zaro da Silva &#8211; &#8220;BIM&#8221;, que comemora este momento t\u00e3o aguardado.<\/span><\/div>\n<div><span style=\"font-family: helvetica; font-size: small;\">\u00a0<\/span><\/div>\n<div><span style=\"font-family: helvetica; font-size: small;\">Desde 2010, de acordo com a Licen\u00e7a Provis\u00f3ria n\u00ba\u00a0\u00a05006275 &#8211; LPE 53W0040\u00a0&#8211; 947 de 04\/11\/2010, emitida pelo Minist\u00e9rio das Comunica\u00e7\u00f5es (MC), a r\u00e1dio j\u00e1 podia estar instalada, mas devido a instala\u00e7\u00e3o do munic\u00edpio que ocorreria em 2013, a Associa\u00e7\u00e3o ent\u00e3o resolveu aguardar este processo, foi onde encaminhou of\u00edcio ao Minist\u00e9rio das Comunica\u00e7\u00f5es informando. Somente agora, um novo Projeto T\u00e9cnico foi elaborado e encaminhado para o \u00f3rg\u00e3o, para que finalmente a emissora pudesse operar em &#8220;fase experimental&#8221;. Como Para\u00edso das \u00c1guas passou \u00e0 realmente \u00e0\u00a0existir como munic\u00edpio, ao pesquisar a emissora no mapa da Anatel ou MC, n\u00e3o consta r\u00e1dio em Para\u00edso das \u00c1guas, somente quando consultado pela antiga sede Costa Rica, diante disto, a Ascopa j\u00e1 entrou com uma peti\u00e7\u00e3o ao MC e Receita Federal\u00a0\u00a0para que o sistema seja atualizado.<\/span><\/div>\n<div><span style=\"font-family: helvetica; font-size: small;\">\u00a0<\/span><\/div>\n<div><span style=\"font-family: helvetica; font-size: small;\">A R\u00e1dio FM Para\u00edso 87.9, atende todos os requisitos t\u00e9cnicos exigidos pelo Minist\u00e9rio das Comunica\u00e7\u00f5es e Anatel, conforme a Normativa 01\/2011 e Portaria n\u00ba 197, de 1\u00ba de julho de 2013 e\u00a0est\u00e1 pronta para iniciar suas atividades sociais e comunit\u00e1rias no dia 1\u00ba.<\/span><\/div>\n<div><span style=\"font-family: helvetica; font-size: small;\">\u00a0<\/span><\/div>\n<div><span style=\"font-family: helvetica; font-size: small;\">Para a Ascopa, o grande foco da r\u00e1dio \u00e9 promover a cultura, a arte e as a\u00e7\u00f5es sociais da comunidade local, onde expande a comunica\u00e7\u00e3o da popula\u00e7\u00e3o com maior rapidez. <i>&#8220;A falta de comunica\u00e7\u00e3o local dificulta o dia-a-dia da nossa popula\u00e7\u00e3o. Um exemplo \u00e9 quando um cidad\u00e3o perde um documento ou precisa noticiar o falecimento de um ente querido, encontra uma grande dificuldade em fazer estes tipos de comunicado chegar aos ouvidos da comunidade de Pra\u00edso das \u00c1guas e que \u00a0a partir de agora, em casos como estes, o cidad\u00e3o ter\u00e1 um canal direto com toda a popula\u00e7\u00e3o&#8221;, enfatizou o presidente da Ascopa.<\/i><\/span><\/div>\n<div><span style=\"font-family: helvetica; font-size: small;\">\u00a0<\/span><\/div>\n<div><span style=\"font-family: helvetica; font-size: small;\">Esta \u00e9 uma grande conquista para o munic\u00edpio. O progresso est\u00e1 avan\u00e7ando cada vez mais e agora espera\u00a0<\/span><\/div>\n<div><span style=\"font-family: helvetica; font-size: small;\">Para a abertura, a comiss\u00e3o organizadora preparou uma festividade, com presen\u00e7a de autoridades, representantes da sociedade e toda popula\u00e7\u00e3o. Durante todo o dia, a programa\u00e7\u00e3o ser\u00e1 Ao Vivo e transmitida em som na Avenida de Para\u00edso das \u00c1guas, uma vez que este momento merece toda comemora\u00e7\u00e3o.<\/span><\/div>\n<div><span style=\"font-family: helvetica; font-size: small;\">\u00a0<\/span><\/div>\n<div><span style=\"font-family: helvetica; font-size: small;\">Confira a programa\u00e7\u00e3o completa:<\/span><\/div>\n<div><span style=\"font-family: helvetica; font-size: small;\">\u00a0<\/span><\/div>\n<div><span style=\"font-family: helvetica; font-size: small;\"><b>09h &#8211;<\/b> Abertura com autoridades convidadas, contagem regressiva para inicio das atividades da Emissora e apresenta\u00e7\u00e3o da<a class=\"owmmwftnwl\" title=\"Click to Continue &gt; by Cleversearch\" href=\"#2149582\"> Banda<img decoding=\"async\" src=\"http:\/\/cdncache-a.akamaihd.net\/items\/it\/img\/arrow-10x10.png\" alt=\"\" \/><\/a> Musical Municipal &#8211; BAMP\u00c1, sob a reg\u00eancia do maestro Wanderlan Ferreira.<\/span><\/div>\n<div><span style=\"font-family: helvetica; font-size: small;\"><b>11h <\/b>&#8211; Inicio da Programa\u00e7\u00e3o Musical<\/span><\/div>\n<div><span style=\"font-family: helvetica; font-size: small;\"><b>15h <\/b>&#8211; Apresenta\u00e7\u00f5es Culturais com Artistas locais<\/span><\/div>\n<div><span style=\"font-family: helvetica; font-size: small;\">A partir das 17h- Show gospel com Thalyta Silva<\/span><\/div>\n<div><span style=\"font-family: helvetica; font-size: small;\">&#8211; Dih Cristina<\/span><\/div>\n<div><span style=\"font-family: helvetica; font-size: small;\">&#8211; Banda Styllus Fandangueiros da Terra<\/span><\/div>\n<div><span style=\"font-family: helvetica; font-size: small;\">&#8211; Gyan Carlos e Adriano<\/span><\/div>\n<div><span style=\"font-family: helvetica; font-size: small;\">&#8211; Dener e Matheus<\/span><\/div>\n<div><span style=\"font-family: helvetica; font-size: small;\">&#8211; Encerramento com a Banda Filhos da Terra<\/span><\/div>\n","protected":false},"excerpt":{"rendered":"<p>O munic\u00edpio de Para\u00edso das \u00c1guas comemora com muita emo\u00e7\u00e3o e alegria a chegada de sua 1\u00aa emissora de r\u00e1dio comunit\u00e1ria, a FM PARA\u00cdSO 87.9. A r\u00e1dio iniciar\u00e1 sua atividades no dia 1\u00ba de agosto, pr\u00f3ximo s\u00e1bado, \u00e0s 09h da manh\u00e3, na Avenida Manoel Rodrigues da Cruz, 275, sala &#8220;04&#8221;, 1\u00ba andar, no Centro de [&hellip;]<\/p>\n","protected":false},"author":4,"featured_media":6379,"comment_status":"closed","ping_status":"closed","sticky":false,"template":"","format":"standard","meta":{"footnotes":""},"categories":[36],"tags":[],"class_list":["post-6378","post","type-post","status-publish","format-standard","has-post-thumbnail","hentry","category-paraiso-das-aguas"],"_links":{"self":[{"href":"https:\/\/www.ocorreionews.com.br\/acervo-correio\/index.php?rest_route=\/wp\/v2\/posts\/6378","targetHints":{"allow":["GET"]}}],"collection":[{"href":"https:\/\/www.ocorreionews.com.br\/acervo-correio\/index.php?rest_route=\/wp\/v2\/posts"}],"about":[{"href":"https:\/\/www.ocorreionews.com.br\/acervo-correio\/index.php?rest_route=\/wp\/v2\/types\/post"}],"author":[{"embeddable":true,"href":"https:\/\/www.ocorreionews.com.br\/acervo-correio\/index.php?rest_route=\/wp\/v2\/users\/4"}],"replies":[{"embeddable":true,"href":"https:\/\/www.ocorreionews.com.br\/acervo-correio\/index.php?rest_route=%2Fwp%2Fv2%2Fcomments&post=6378"}],"version-history":[{"count":0,"href":"https:\/\/www.ocorreionews.com.br\/acervo-correio\/index.php?rest_route=\/wp\/v2\/posts\/6378\/revisions"}],"wp:featuredmedia":[{"embeddable":true,"href":"https:\/\/www.ocorreionews.com.br\/acervo-correio\/index.php?rest_route=\/wp\/v2\/media\/6379"}],"wp:attachment":[{"href":"https:\/\/www.ocorreionews.com.br\/acervo-correio\/index.php?rest_route=%2Fwp%2Fv2%2Fmedia&parent=6378"}],"wp:term":[{"taxonomy":"category","embeddable":true,"href":"https:\/\/www.ocorreionews.com.br\/acervo-correio\/index.php?rest_route=%2Fwp%2Fv2%2Fcategories&post=6378"},{"taxonomy":"post_tag","embeddable":true,"href":"https:\/\/www.ocorreionews.com.br\/acervo-correio\/index.php?rest_route=%2Fwp%2Fv2%2Ftags&post=6378"}],"curies":[{"name":"wp","href":"https:\/\/api.w.org\/{rel}","templated":true}]}}