{"id":6416,"date":"2015-07-28T10:46:42","date_gmt":"2015-07-28T14:46:42","guid":{"rendered":"https:\/\/ocorreionews.com.br\/?p=6416"},"modified":"2015-07-28T10:51:12","modified_gmt":"2015-07-28T14:51:12","slug":"prefeito-felipe-recebeu-diaria-mas-estava-em-chapadao","status":"publish","type":"post","link":"https:\/\/www.ocorreionews.com.br\/acervo-correio\/?p=6416","title":{"rendered":"Prefeito  recebeu di\u00e1ria mas estava em Chapad\u00e3o?"},"content":{"rendered":"<p style=\"text-align: justify;\">A nossa reda\u00e7\u00e3o recebeu via WhatsApp de um internauta, o relat\u00f3rio das di\u00e1rias do poder executivo e segundo ele, o prefeito municipal de Chapad\u00e3o do Sul, recebeu di\u00e1rias nos dias 11 a 13 de junho, em viagem a Campo Grande. Segundo o internauta, nesse per\u00edodo o prefeito estava em Chapad\u00e3o do Sul e que no dia 12, ele foi notificado pelo MP de seu afastamento do cargo.<\/p>\n<p style=\"text-align: justify;\">A nossa reportagem vai procurar o MP para ver a data da notifica\u00e7\u00e3o e se realmente ele foi feita em Chapad\u00e3o do Sul e ver a veracidade do fato.<\/p>\n<p style=\"text-align: justify;\">Veja abaixo o relat\u00f3rio do m\u00eas de junho<\/p>\n<p><a href=\"https:\/\/ocorreionews.com.br\/wp-content\/uploads\/2015\/07\/diairas1.jpg\"><img loading=\"lazy\" decoding=\"async\" class=\"alignnone size-full wp-image-6417\" src=\"https:\/\/ocorreionews.com.br\/wp-content\/uploads\/2015\/07\/diairas1.jpg\" alt=\"diairas\" width=\"531\" height=\"685\" srcset=\"https:\/\/www.ocorreionews.com.br\/acervo-correio\/wp-content\/uploads\/2015\/07\/diairas1.jpg 531w, https:\/\/www.ocorreionews.com.br\/acervo-correio\/wp-content\/uploads\/2015\/07\/diairas1-233x300.jpg 233w\" sizes=\"auto, (max-width: 531px) 100vw, 531px\" \/><\/a><\/p>\n<p>&nbsp;<\/p>\n","protected":false},"excerpt":{"rendered":"<p>A nossa reda\u00e7\u00e3o recebeu via WhatsApp de um internauta, o relat\u00f3rio das di\u00e1rias do poder executivo e segundo ele, o prefeito municipal de Chapad\u00e3o do Sul, recebeu di\u00e1rias nos dias 11 a 13 de junho, em viagem a Campo Grande. Segundo o internauta, nesse per\u00edodo o prefeito estava em Chapad\u00e3o do Sul e que no [&hellip;]<\/p>\n","protected":false},"author":4,"featured_media":6418,"comment_status":"closed","ping_status":"closed","sticky":false,"template":"","format":"standard","meta":{"footnotes":""},"categories":[23],"tags":[],"class_list":["post-6416","post","type-post","status-publish","format-standard","has-post-thumbnail","hentry","category-chapadao-do-sul"],"_links":{"self":[{"href":"https:\/\/www.ocorreionews.com.br\/acervo-correio\/index.php?rest_route=\/wp\/v2\/posts\/6416","targetHints":{"allow":["GET"]}}],"collection":[{"href":"https:\/\/www.ocorreionews.com.br\/acervo-correio\/index.php?rest_route=\/wp\/v2\/posts"}],"about":[{"href":"https:\/\/www.ocorreionews.com.br\/acervo-correio\/index.php?rest_route=\/wp\/v2\/types\/post"}],"author":[{"embeddable":true,"href":"https:\/\/www.ocorreionews.com.br\/acervo-correio\/index.php?rest_route=\/wp\/v2\/users\/4"}],"replies":[{"embeddable":true,"href":"https:\/\/www.ocorreionews.com.br\/acervo-correio\/index.php?rest_route=%2Fwp%2Fv2%2Fcomments&post=6416"}],"version-history":[{"count":0,"href":"https:\/\/www.ocorreionews.com.br\/acervo-correio\/index.php?rest_route=\/wp\/v2\/posts\/6416\/revisions"}],"wp:featuredmedia":[{"embeddable":true,"href":"https:\/\/www.ocorreionews.com.br\/acervo-correio\/index.php?rest_route=\/wp\/v2\/media\/6418"}],"wp:attachment":[{"href":"https:\/\/www.ocorreionews.com.br\/acervo-correio\/index.php?rest_route=%2Fwp%2Fv2%2Fmedia&parent=6416"}],"wp:term":[{"taxonomy":"category","embeddable":true,"href":"https:\/\/www.ocorreionews.com.br\/acervo-correio\/index.php?rest_route=%2Fwp%2Fv2%2Fcategories&post=6416"},{"taxonomy":"post_tag","embeddable":true,"href":"https:\/\/www.ocorreionews.com.br\/acervo-correio\/index.php?rest_route=%2Fwp%2Fv2%2Ftags&post=6416"}],"curies":[{"name":"wp","href":"https:\/\/api.w.org\/{rel}","templated":true}]}}