{"id":6422,"date":"2015-07-28T13:43:59","date_gmt":"2015-07-28T17:43:59","guid":{"rendered":"https:\/\/ocorreionews.com.br\/?p=6422"},"modified":"2015-07-28T13:43:59","modified_gmt":"2015-07-28T17:43:59","slug":"procurado-em-ms-usa-facebook-para-ameacas-e-novos-deboches-a-policia","status":"publish","type":"post","link":"https:\/\/www.ocorreionews.com.br\/acervo-correio\/?p=6422","title":{"rendered":"Procurado em MS usa Facebook para amea\u00e7as e novos deboches \u00e0 pol\u00edcia"},"content":{"rendered":"<p style=\"text-align: justify;\">Duas semanas depois de receber recados na internet de um jovem procurado por debochar da pol\u00edcia, o policial militar da reserva Geter Ostemberg, 49 anos, tamb\u00e9m foi amea\u00e7ado pelo mesmo suspeito. As mensagens no perfil do Facebook foram enviadas pelo suspeito na \u00faltima segunda-feira (27).<\/p>\n<p style=\"text-align: justify;\">O policial disse ao <strong>G1<\/strong> que vai denunciar o caso \u00e0 Pol\u00edcia Civil de Mato Grosso do Sul ainda nesta ter\u00e7a-feira (28). Em uma das mensagens deixadas ao policial, o jovem de 21 anos postou uma imagem que faz refer\u00eancia ao Coringa, personagem do filme do Batman, e diz que &#8220;a pol\u00edcia vai paga por ter prendido meu irm\u00e3o (sic)&#8221;. Ele tamb\u00e9m chama os policiais de &#8220;mauditos (sic)&#8221;.<\/p>\n<p style=\"text-align: justify;\">O jovem \u00e9 procurado pela pol\u00edcia por postagens il\u00edcitas no Facebook, com dinheiro, droga, arma e muni\u00e7\u00e3o, al\u00e9m de deboches \u00e0 corpora\u00e7\u00e3o. Em uma das buscas ao suspeito, a pol\u00edcia prendeu em flagrante o irm\u00e3o dele, de 19 anos, pelo crime de tr\u00e1fico de drogas, no bairro Noroeste, em Campo Grande.<\/p>\n<p style=\"text-align: justify;\">Na \u00e9poca, o preso negou que o irm\u00e3o usasse o perfil para fazer amea\u00e7as e disse que procurava pela pessoa que estaria usando um perfil fake do irm\u00e3o. O preso tem passagens por furto, roubo, recepta\u00e7\u00e3o e tr\u00e1fico de drogas e est\u00e1 no Pres\u00eddio de Tr\u00e2nsito da capital.<\/p>\n<div class=\"foto componente_materia midia-largura-300\" style=\"text-align: justify;\">\n<figure style=\"width: 300px\" class=\"wp-caption alignleft\"><img loading=\"lazy\" decoding=\"async\" title=\"Procurado em MS usa Facebook para amea\u00e7as e novos deboches \u00e0 pol\u00edcia (Foto: Reprodu\u00e7\u00e3o\/ Facebook)\" src=\"http:\/\/s2.glbimg.com\/1BvgyyaRou7DPtf-7z6V4IA96bI=\/s.glbimg.com\/jo\/g1\/f\/original\/2015\/07\/28\/policia-face3.jpg\" alt=\"Procurado em MS usa Facebook para amea\u00e7as e novos deboches \u00e0 pol\u00edcia (Foto: Reprodu\u00e7\u00e3o\/ Facebook)\" width=\"300\" height=\"400\" \/><figcaption class=\"wp-caption-text\">Mensagem com imagem de palha\u00e7o foi usada para amea\u00e7ar policial (Foto: Reprodu\u00e7\u00e3o\/ Facebook)<\/figcaption><\/figure>\n<\/div>\n<p style=\"text-align: justify;\">Em outra mensagem direcionada a Ostemberg, o suspeito procurado recomenda que o policial tenha &#8220;cuidado&#8221; porque ele \u00e9 &#8220;1533&#8221;, c\u00f3digo de fac\u00e7\u00e3o criminosa, segundo a pol\u00edcia, e manda a imagem de um palha\u00e7o com uma faca no peito e sangue nas m\u00e3os. Ele tem passagens por vias de fato, viol\u00eancia dom\u00e9stica e tr\u00e1fico de drogas, segundo a Pol\u00edcia Civil.<\/p>\n<p style=\"text-align: justify;\">Antes das amea\u00e7as, o suspeito j\u00e1 havia deixado recados para Ostemberg, zombando da pol\u00edcia e dizendo que manda no bairro onde mora. &#8220;Os recados de antes eram de uma forma geral debochando da pol\u00edcia, mas agora ele est\u00e1 me amea\u00e7ando mesmo, direcionou as amea\u00e7as para mim, usando c\u00f3digos de fac\u00e7\u00f5es criminosas&#8221;, explicou.<\/p>\n<p style=\"text-align: justify;\">Ostemberg diz n\u00e3o se sente intimidado pelas amea\u00e7as virtuais do suspeito. Ele explica que \u00e9 amigo do rapaz na internet porque aceita solicita\u00e7\u00f5es de amizade mesmo quando n\u00e3o conhece a pessoa.<\/p>\n<p style=\"text-align: justify;\">&#8220;Meu perfil na internet \u00e9 voltado para coisas de humor, por isso aceito pessoas que \u00e0s vezes n\u00e3o conhe\u00e7o. Apesar da cara de pau dele, n\u00e3o penso em responder, de maneira nenhuma. S\u00f3 vou fazer o registro para ele responder por mais esse crime. Nunca tive medo porque quando abracei a carreira j\u00e1 sabia dos riscos&#8221;, ressaltou.<\/p>\n<p style=\"text-align: justify;\">Questionado pelo <strong>G1<\/strong> sobre a veracidade do perfil do suspeito na rede social, o policial diz que n\u00e3o tem d\u00favidas quanto a autoria das amea\u00e7as. &#8220;Pelo que j\u00e1 pesquisei \u00e9 ele mesmo e usa o nome verdadeiro no perfil. A gente n\u00e3o acredita que seja um perfil fake&#8221;, afirmou.<\/p>\n<p>&nbsp;<\/p>\n<div class=\"foto componente_materia midia-largura-620\">\n<figure style=\"width: 482px\" class=\"wp-caption alignnone\"><img loading=\"lazy\" decoding=\"async\" class=\"\" title=\"Procurado em MS usa Facebook para amea\u00e7as e novos deboches \u00e0 pol\u00edcia (Foto: Reprodu\u00e7\u00e3o\/ Facebook)\" src=\"http:\/\/s2.glbimg.com\/KRwWBKHZzPpZvaXf7zB4ajqpzaI=\/s.glbimg.com\/jo\/g1\/f\/original\/2015\/07\/28\/face-certo.jpg\" alt=\"Procurado em MS usa Facebook para amea\u00e7as e novos deboches \u00e0 pol\u00edcia (Foto: Reprodu\u00e7\u00e3o\/ Facebook)\" width=\"482\" height=\"362\" \/><figcaption class=\"wp-caption-text\">Procurado em MS usa Facebook para amea\u00e7as e novos deboches \u00e0 pol\u00edcia (Foto: Reprodu\u00e7\u00e3o\/ Facebook)<\/figcaption><\/figure>\n<p>Fonte: G1 MS<\/p>\n<\/div>\n","protected":false},"excerpt":{"rendered":"<p>Duas semanas depois de receber recados na internet de um jovem procurado por debochar da pol\u00edcia, o policial militar da reserva Geter Ostemberg, 49 anos, tamb\u00e9m foi amea\u00e7ado pelo mesmo suspeito. As mensagens no perfil do Facebook foram enviadas pelo suspeito na \u00faltima segunda-feira (27). O policial disse ao G1 que vai denunciar o caso [&hellip;]<\/p>\n","protected":false},"author":4,"featured_media":6423,"comment_status":"closed","ping_status":"closed","sticky":false,"template":"","format":"standard","meta":{"footnotes":""},"categories":[38],"tags":[],"class_list":["post-6422","post","type-post","status-publish","format-standard","has-post-thumbnail","hentry","category-policia"],"_links":{"self":[{"href":"https:\/\/www.ocorreionews.com.br\/acervo-correio\/index.php?rest_route=\/wp\/v2\/posts\/6422","targetHints":{"allow":["GET"]}}],"collection":[{"href":"https:\/\/www.ocorreionews.com.br\/acervo-correio\/index.php?rest_route=\/wp\/v2\/posts"}],"about":[{"href":"https:\/\/www.ocorreionews.com.br\/acervo-correio\/index.php?rest_route=\/wp\/v2\/types\/post"}],"author":[{"embeddable":true,"href":"https:\/\/www.ocorreionews.com.br\/acervo-correio\/index.php?rest_route=\/wp\/v2\/users\/4"}],"replies":[{"embeddable":true,"href":"https:\/\/www.ocorreionews.com.br\/acervo-correio\/index.php?rest_route=%2Fwp%2Fv2%2Fcomments&post=6422"}],"version-history":[{"count":0,"href":"https:\/\/www.ocorreionews.com.br\/acervo-correio\/index.php?rest_route=\/wp\/v2\/posts\/6422\/revisions"}],"wp:featuredmedia":[{"embeddable":true,"href":"https:\/\/www.ocorreionews.com.br\/acervo-correio\/index.php?rest_route=\/wp\/v2\/media\/6423"}],"wp:attachment":[{"href":"https:\/\/www.ocorreionews.com.br\/acervo-correio\/index.php?rest_route=%2Fwp%2Fv2%2Fmedia&parent=6422"}],"wp:term":[{"taxonomy":"category","embeddable":true,"href":"https:\/\/www.ocorreionews.com.br\/acervo-correio\/index.php?rest_route=%2Fwp%2Fv2%2Fcategories&post=6422"},{"taxonomy":"post_tag","embeddable":true,"href":"https:\/\/www.ocorreionews.com.br\/acervo-correio\/index.php?rest_route=%2Fwp%2Fv2%2Ftags&post=6422"}],"curies":[{"name":"wp","href":"https:\/\/api.w.org\/{rel}","templated":true}]}}