{"id":6425,"date":"2015-07-28T13:50:14","date_gmt":"2015-07-28T17:50:14","guid":{"rendered":"https:\/\/ocorreionews.com.br\/?p=6425"},"modified":"2015-07-28T13:50:31","modified_gmt":"2015-07-28T17:50:31","slug":"bolsao-policia-prende-homem-condenado-por-estuprar-tres-meninas","status":"publish","type":"post","link":"https:\/\/www.ocorreionews.com.br\/acervo-correio\/?p=6425","title":{"rendered":"Bols\u00e3o: Pol\u00edcia prende homem condenado por estuprar tr\u00eas meninas"},"content":{"rendered":"<p>Um homem de 41 anos, condenado por abusar sexualmente de tr\u00eas meninas em 2011 em Parana\u00edba, foi preso pela Pol\u00edcia Civil na segunda-feira (27), em Aparecida do Taboado.<\/p>\n<p>A pris\u00e3o aconteceu por volta das 17h (de MS), no local de trabalho dele. Segundo informa\u00e7\u00f5es da pol\u00edcia, ele foi condenado a pena de oito anos e seis meses de reclus\u00e3o pelo crime de estupro de vulner\u00e1vel. Na \u00e9poca dos crimes, as v\u00edtimas tinham 8, 10 e 12 anos de idade, e o caso foi registrado na Delegacia de Atendimento \u00e0 Mulher (Dam) de Parana\u00edba.<\/p>\n<p>Os policiais foram at\u00e9 o local de trabalho, onde o abordaram e cumpriram o mandado de pris\u00e3o condenat\u00f3rio, quando j\u00e1 existe senten\u00e7a do Poder Judici\u00e1rio. Ele deve ser encaminhado para a cidade de Parana\u00edba , segundo a pol\u00edcia.<\/p>\n<p>&nbsp;<\/p>\n<p>Fonte: G1 MS<\/p>\n","protected":false},"excerpt":{"rendered":"<p>Um homem de 41 anos, condenado por abusar sexualmente de tr\u00eas meninas em 2011 em Parana\u00edba, foi preso pela Pol\u00edcia Civil na segunda-feira (27), em Aparecida do Taboado. A pris\u00e3o aconteceu por volta das 17h (de MS), no local de trabalho dele. Segundo informa\u00e7\u00f5es da pol\u00edcia, ele foi condenado a pena de oito anos e [&hellip;]<\/p>\n","protected":false},"author":4,"featured_media":6426,"comment_status":"closed","ping_status":"closed","sticky":false,"template":"","format":"standard","meta":{"footnotes":""},"categories":[38],"tags":[],"class_list":["post-6425","post","type-post","status-publish","format-standard","has-post-thumbnail","hentry","category-policia"],"_links":{"self":[{"href":"https:\/\/www.ocorreionews.com.br\/acervo-correio\/index.php?rest_route=\/wp\/v2\/posts\/6425","targetHints":{"allow":["GET"]}}],"collection":[{"href":"https:\/\/www.ocorreionews.com.br\/acervo-correio\/index.php?rest_route=\/wp\/v2\/posts"}],"about":[{"href":"https:\/\/www.ocorreionews.com.br\/acervo-correio\/index.php?rest_route=\/wp\/v2\/types\/post"}],"author":[{"embeddable":true,"href":"https:\/\/www.ocorreionews.com.br\/acervo-correio\/index.php?rest_route=\/wp\/v2\/users\/4"}],"replies":[{"embeddable":true,"href":"https:\/\/www.ocorreionews.com.br\/acervo-correio\/index.php?rest_route=%2Fwp%2Fv2%2Fcomments&post=6425"}],"version-history":[{"count":0,"href":"https:\/\/www.ocorreionews.com.br\/acervo-correio\/index.php?rest_route=\/wp\/v2\/posts\/6425\/revisions"}],"wp:featuredmedia":[{"embeddable":true,"href":"https:\/\/www.ocorreionews.com.br\/acervo-correio\/index.php?rest_route=\/wp\/v2\/media\/6426"}],"wp:attachment":[{"href":"https:\/\/www.ocorreionews.com.br\/acervo-correio\/index.php?rest_route=%2Fwp%2Fv2%2Fmedia&parent=6425"}],"wp:term":[{"taxonomy":"category","embeddable":true,"href":"https:\/\/www.ocorreionews.com.br\/acervo-correio\/index.php?rest_route=%2Fwp%2Fv2%2Fcategories&post=6425"},{"taxonomy":"post_tag","embeddable":true,"href":"https:\/\/www.ocorreionews.com.br\/acervo-correio\/index.php?rest_route=%2Fwp%2Fv2%2Ftags&post=6425"}],"curies":[{"name":"wp","href":"https:\/\/api.w.org\/{rel}","templated":true}]}}