{"id":6626,"date":"2015-07-30T15:36:12","date_gmt":"2015-07-30T19:36:12","guid":{"rendered":"https:\/\/ocorreionews.com.br\/?p=6626"},"modified":"2015-07-30T15:36:12","modified_gmt":"2015-07-30T19:36:12","slug":"vem-ai-a-sunset-da-de-carli-bier","status":"publish","type":"post","link":"https:\/\/www.ocorreionews.com.br\/acervo-correio\/?p=6626","title":{"rendered":"V\u00eam ai a SUNSET da De Carli Bier"},"content":{"rendered":"<p>Acontece no pr\u00f3ximo dia 15 de agosto, na Choperia De Carli Bier, a SUNSET DE CARLI BIER. Um evento diferenciado, que surpreendera todos os presentes, onde ser\u00e1 montada uma grande estrutura de som e ilumina\u00e7\u00e3o. A anima\u00e7\u00e3o da festa ficara por conta dos tops Djs, Ju Balbi (Dj 100% sertaneja), Ricardo Prado (Dj residente da Festa do Bacana) e Nato Fidel. A festa ter\u00e1 o inicias a partir das 16hrs(MS). Caipisacol\u00e9 para as mulheres das 16 as 17hrs (MS).<\/p>\n<p>Garanta j\u00e1 seu ingresso.<\/p>\n<p>&nbsp;<\/p>\n<p><strong>Ingressos:<\/strong><\/p>\n<p>Lote Promocional at\u00e9 domingo (02) \u2013 R$20,00<\/p>\n<p>Primeiro Lote \u2013 R$25,00<\/p>\n<p>&nbsp;<\/p>\n<p><strong>Pontos de vendas:<\/strong><\/p>\n<p>Chapad\u00e3o do Sul: Choperia De Carli Bier, Padaria Ki-P\u00e3o e Mamute.<\/p>\n<p>Costa Rica: Deck Conveni\u00eancia<\/p>\n<p>Chapad\u00e3o do C\u00e9u: Ceolin Distribuidora de Bebidas.<\/p>\n<p>&nbsp;<\/p>\n<p>Reservas de Bistr\u00f4s com Solange (67) 9656-1340 ou Luana (67) 9929-3322.<\/p>\n<p>&nbsp;<\/p>\n<p>Menores de idade somente com autoriza\u00e7\u00e3o dos pais ou respons\u00e1vel.<\/p>\n<p><a href=\"https:\/\/ocorreionews.com.br\/wp-content\/uploads\/2015\/07\/sunset-de-carli-bier.jpg\"><img loading=\"lazy\" decoding=\"async\" class=\"alignnone  wp-image-6628\" src=\"https:\/\/ocorreionews.com.br\/wp-content\/uploads\/2015\/07\/sunset-de-carli-bier.jpg\" alt=\"sunset de carli bier\" width=\"567\" height=\"200\" srcset=\"https:\/\/www.ocorreionews.com.br\/acervo-correio\/wp-content\/uploads\/2015\/07\/sunset-de-carli-bier.jpg 851w, https:\/\/www.ocorreionews.com.br\/acervo-correio\/wp-content\/uploads\/2015\/07\/sunset-de-carli-bier-300x106.jpg 300w\" sizes=\"auto, (max-width: 567px) 100vw, 567px\" \/><\/a><\/p>\n","protected":false},"excerpt":{"rendered":"<p>Acontece no pr\u00f3ximo dia 15 de agosto, na Choperia De Carli Bier, a SUNSET DE CARLI BIER. Um evento diferenciado, que surpreendera todos os presentes, onde ser\u00e1 montada uma grande estrutura de som e ilumina\u00e7\u00e3o. A anima\u00e7\u00e3o da festa ficara por conta dos tops Djs, Ju Balbi (Dj 100% sertaneja), Ricardo Prado (Dj residente da [&hellip;]<\/p>\n","protected":false},"author":4,"featured_media":6627,"comment_status":"closed","ping_status":"closed","sticky":false,"template":"","format":"standard","meta":{"footnotes":""},"categories":[23],"tags":[],"class_list":["post-6626","post","type-post","status-publish","format-standard","has-post-thumbnail","hentry","category-chapadao-do-sul"],"_links":{"self":[{"href":"https:\/\/www.ocorreionews.com.br\/acervo-correio\/index.php?rest_route=\/wp\/v2\/posts\/6626","targetHints":{"allow":["GET"]}}],"collection":[{"href":"https:\/\/www.ocorreionews.com.br\/acervo-correio\/index.php?rest_route=\/wp\/v2\/posts"}],"about":[{"href":"https:\/\/www.ocorreionews.com.br\/acervo-correio\/index.php?rest_route=\/wp\/v2\/types\/post"}],"author":[{"embeddable":true,"href":"https:\/\/www.ocorreionews.com.br\/acervo-correio\/index.php?rest_route=\/wp\/v2\/users\/4"}],"replies":[{"embeddable":true,"href":"https:\/\/www.ocorreionews.com.br\/acervo-correio\/index.php?rest_route=%2Fwp%2Fv2%2Fcomments&post=6626"}],"version-history":[{"count":0,"href":"https:\/\/www.ocorreionews.com.br\/acervo-correio\/index.php?rest_route=\/wp\/v2\/posts\/6626\/revisions"}],"wp:featuredmedia":[{"embeddable":true,"href":"https:\/\/www.ocorreionews.com.br\/acervo-correio\/index.php?rest_route=\/wp\/v2\/media\/6627"}],"wp:attachment":[{"href":"https:\/\/www.ocorreionews.com.br\/acervo-correio\/index.php?rest_route=%2Fwp%2Fv2%2Fmedia&parent=6626"}],"wp:term":[{"taxonomy":"category","embeddable":true,"href":"https:\/\/www.ocorreionews.com.br\/acervo-correio\/index.php?rest_route=%2Fwp%2Fv2%2Fcategories&post=6626"},{"taxonomy":"post_tag","embeddable":true,"href":"https:\/\/www.ocorreionews.com.br\/acervo-correio\/index.php?rest_route=%2Fwp%2Fv2%2Ftags&post=6626"}],"curies":[{"name":"wp","href":"https:\/\/api.w.org\/{rel}","templated":true}]}}