{"id":6630,"date":"2015-07-30T20:37:00","date_gmt":"2015-07-31T00:37:00","guid":{"rendered":"https:\/\/ocorreionews.com.br\/?p=6630"},"modified":"2015-07-30T20:37:00","modified_gmt":"2015-07-31T00:37:00","slug":"senador-caiado-disponibiliza-emenda-de-170-mil-a-chapadao-do-ceu","status":"publish","type":"post","link":"https:\/\/www.ocorreionews.com.br\/acervo-correio\/?p=6630","title":{"rendered":"Senador Caiado disponibiliza emenda de 170 mil \u00e0 Chapad\u00e3o do C\u00e9u"},"content":{"rendered":"<p style=\"text-align: justify;\">Em reuni\u00e3o com o Senador da Rep\u00fablica Ronaldo Caiado (DEM), o Presidente do Legislativo Marcos Navarini e os vereadores Paulo S\u00e9rgio A. de P\u00e1dua (PTB) e Walter Rosa (PP), confirmaram o envio de uma emenda no valor de 170 mil reais a Chapad\u00e3o do C\u00e9u. O Senador Ronaldo Caiado elogiou o trabalho da C\u00e2mara de Chapad\u00e3o do C\u00e9u que est\u00e1 sempre atenta \u00e0 obten\u00e7\u00e3o de recursos dos governos Estadual e Federal para auxiliar a administra\u00e7\u00e3o municipal.<\/p>\n<p style=\"text-align: justify;\">Assecom C\u00e2mara Municipal<\/p>\n","protected":false},"excerpt":{"rendered":"<p>Em reuni\u00e3o com o Senador da Rep\u00fablica Ronaldo Caiado (DEM), o Presidente do Legislativo Marcos Navarini e os vereadores Paulo S\u00e9rgio A. de P\u00e1dua (PTB) e Walter Rosa (PP), confirmaram o envio de uma emenda no valor de 170 mil reais a Chapad\u00e3o do C\u00e9u. O Senador Ronaldo Caiado elogiou o trabalho da C\u00e2mara de [&hellip;]<\/p>\n","protected":false},"author":4,"featured_media":6631,"comment_status":"closed","ping_status":"closed","sticky":false,"template":"","format":"standard","meta":{"footnotes":""},"categories":[22],"tags":[],"class_list":["post-6630","post","type-post","status-publish","format-standard","has-post-thumbnail","hentry","category-chapadao-do-ceu"],"_links":{"self":[{"href":"https:\/\/www.ocorreionews.com.br\/acervo-correio\/index.php?rest_route=\/wp\/v2\/posts\/6630","targetHints":{"allow":["GET"]}}],"collection":[{"href":"https:\/\/www.ocorreionews.com.br\/acervo-correio\/index.php?rest_route=\/wp\/v2\/posts"}],"about":[{"href":"https:\/\/www.ocorreionews.com.br\/acervo-correio\/index.php?rest_route=\/wp\/v2\/types\/post"}],"author":[{"embeddable":true,"href":"https:\/\/www.ocorreionews.com.br\/acervo-correio\/index.php?rest_route=\/wp\/v2\/users\/4"}],"replies":[{"embeddable":true,"href":"https:\/\/www.ocorreionews.com.br\/acervo-correio\/index.php?rest_route=%2Fwp%2Fv2%2Fcomments&post=6630"}],"version-history":[{"count":0,"href":"https:\/\/www.ocorreionews.com.br\/acervo-correio\/index.php?rest_route=\/wp\/v2\/posts\/6630\/revisions"}],"wp:featuredmedia":[{"embeddable":true,"href":"https:\/\/www.ocorreionews.com.br\/acervo-correio\/index.php?rest_route=\/wp\/v2\/media\/6631"}],"wp:attachment":[{"href":"https:\/\/www.ocorreionews.com.br\/acervo-correio\/index.php?rest_route=%2Fwp%2Fv2%2Fmedia&parent=6630"}],"wp:term":[{"taxonomy":"category","embeddable":true,"href":"https:\/\/www.ocorreionews.com.br\/acervo-correio\/index.php?rest_route=%2Fwp%2Fv2%2Fcategories&post=6630"},{"taxonomy":"post_tag","embeddable":true,"href":"https:\/\/www.ocorreionews.com.br\/acervo-correio\/index.php?rest_route=%2Fwp%2Fv2%2Ftags&post=6630"}],"curies":[{"name":"wp","href":"https:\/\/api.w.org\/{rel}","templated":true}]}}