{"id":6633,"date":"2015-07-30T20:39:03","date_gmt":"2015-07-31T00:39:03","guid":{"rendered":"https:\/\/ocorreionews.com.br\/?p=6633"},"modified":"2015-07-30T20:40:32","modified_gmt":"2015-07-31T00:40:32","slug":"vereadores-participam-de-encontro-com-ministro-kassab-em-rio-verde","status":"publish","type":"post","link":"https:\/\/www.ocorreionews.com.br\/acervo-correio\/?p=6633","title":{"rendered":"Vereadores participam de encontro com Ministro Kassab em Rio Verde"},"content":{"rendered":"<p>Buscando fortalecer as alian\u00e7as pol\u00edticas com o objetivo de obter benef\u00edcios para Chapad\u00e3o do C\u00e9u, o Presidente do Legislativo Marcos Navarini(PSDB) e os vereadores Walter Rosa (PP), Uelton Correia Matias (PP)e o Pres.do PSDB de Chapad\u00e3o do C\u00e9u Vinicius Terin, participaram em Rio Verde no dia 14 de Junho de uma reuni\u00e3o com prefeito e vereadores das regi\u00f5es Sul e Sudoeste de Goi\u00e1s com a presen\u00e7a do Ministro das Cidades Gilberto Kassab e o Secret\u00e1rio Estadual e Cidades e Meio Ambiente Vilmar Rocha.<\/p>\n<p>O ministro afirmou que o Brasil passa por\u00a0dificuldades, mas que n\u00e3o deixar\u00e1 de\u00a0honrar todos os compromissos assumidos.<\/p>\n<p><a href=\"https:\/\/ocorreionews.com.br\/wp-content\/uploads\/2015\/07\/cm-ceu.jpg\"><img loading=\"lazy\" decoding=\"async\" class=\"alignnone  wp-image-6636\" src=\"https:\/\/ocorreionews.com.br\/wp-content\/uploads\/2015\/07\/cm-ceu.jpg\" alt=\"cm ceu\" width=\"523\" height=\"396\" srcset=\"https:\/\/www.ocorreionews.com.br\/acervo-correio\/wp-content\/uploads\/2015\/07\/cm-ceu.jpg 600w, https:\/\/www.ocorreionews.com.br\/acervo-correio\/wp-content\/uploads\/2015\/07\/cm-ceu-300x227.jpg 300w, https:\/\/www.ocorreionews.com.br\/acervo-correio\/wp-content\/uploads\/2015\/07\/cm-ceu-100x75.jpg 100w\" sizes=\"auto, (max-width: 523px) 100vw, 523px\" \/><\/a><\/p>\n<p>\u201c\u00c9 evidente que todos tem de apertar os cintos e, naturalmente, o minist\u00e9rio das Cidades tamb\u00e9m. Mas isso n\u00e3o ir\u00e1 nos impedir de honrar com todos os compromissos assumidos, sejam os antigos ou\u00a0os novos. Estamos confiantes de que o governo est\u00e1 no rumo certo\u201d,\u00a0afirmou.<\/p>\n<p>Participaram ainda do Encontro os Deputados Estaduais Lissauer Vieira, Virmondes Cruvinel e o Deputado Federal Delegado Valdir.<\/p>\n<p style=\"text-align: justify;\">Assecom C\u00e2mara Municipal<\/p>\n","protected":false},"excerpt":{"rendered":"<p>Buscando fortalecer as alian\u00e7as pol\u00edticas com o objetivo de obter benef\u00edcios para Chapad\u00e3o do C\u00e9u, o Presidente do Legislativo Marcos Navarini(PSDB) e os vereadores Walter Rosa (PP), Uelton Correia Matias (PP)e o Pres.do PSDB de Chapad\u00e3o do C\u00e9u Vinicius Terin, participaram em Rio Verde no dia 14 de Junho de uma reuni\u00e3o com prefeito e [&hellip;]<\/p>\n","protected":false},"author":4,"featured_media":6634,"comment_status":"closed","ping_status":"closed","sticky":false,"template":"","format":"standard","meta":{"footnotes":""},"categories":[22],"tags":[],"class_list":["post-6633","post","type-post","status-publish","format-standard","has-post-thumbnail","hentry","category-chapadao-do-ceu"],"_links":{"self":[{"href":"https:\/\/www.ocorreionews.com.br\/acervo-correio\/index.php?rest_route=\/wp\/v2\/posts\/6633","targetHints":{"allow":["GET"]}}],"collection":[{"href":"https:\/\/www.ocorreionews.com.br\/acervo-correio\/index.php?rest_route=\/wp\/v2\/posts"}],"about":[{"href":"https:\/\/www.ocorreionews.com.br\/acervo-correio\/index.php?rest_route=\/wp\/v2\/types\/post"}],"author":[{"embeddable":true,"href":"https:\/\/www.ocorreionews.com.br\/acervo-correio\/index.php?rest_route=\/wp\/v2\/users\/4"}],"replies":[{"embeddable":true,"href":"https:\/\/www.ocorreionews.com.br\/acervo-correio\/index.php?rest_route=%2Fwp%2Fv2%2Fcomments&post=6633"}],"version-history":[{"count":0,"href":"https:\/\/www.ocorreionews.com.br\/acervo-correio\/index.php?rest_route=\/wp\/v2\/posts\/6633\/revisions"}],"wp:featuredmedia":[{"embeddable":true,"href":"https:\/\/www.ocorreionews.com.br\/acervo-correio\/index.php?rest_route=\/wp\/v2\/media\/6634"}],"wp:attachment":[{"href":"https:\/\/www.ocorreionews.com.br\/acervo-correio\/index.php?rest_route=%2Fwp%2Fv2%2Fmedia&parent=6633"}],"wp:term":[{"taxonomy":"category","embeddable":true,"href":"https:\/\/www.ocorreionews.com.br\/acervo-correio\/index.php?rest_route=%2Fwp%2Fv2%2Fcategories&post=6633"},{"taxonomy":"post_tag","embeddable":true,"href":"https:\/\/www.ocorreionews.com.br\/acervo-correio\/index.php?rest_route=%2Fwp%2Fv2%2Ftags&post=6633"}],"curies":[{"name":"wp","href":"https:\/\/api.w.org\/{rel}","templated":true}]}}